{"id":23052,"date":"2022-08-18T13:06:23","date_gmt":"2022-08-18T11:06:23","guid":{"rendered":"https:\/\/bisbalpenedes.com\/web\/?p=23052"},"modified":"2022-08-18T13:06:23","modified_gmt":"2022-08-18T11:06:23","slug":"el-club-segle-xx-engega-els-actes-de-commemoracio-del-50e-aniversari-de-lentitat-aquest-dissabte","status":"publish","type":"post","link":"https:\/\/bisbalpenedes.com\/web\/2022\/08\/18\/el-club-segle-xx-engega-els-actes-de-commemoracio-del-50e-aniversari-de-lentitat-aquest-dissabte\/","title":{"rendered":"El Club Segle XX engega els actes de commemoraci\u00f3 del 50\u00e8 aniversari de l&#8217;entitat aquest dissabte"},"content":{"rendered":"\n<p>El Club Segle XX engega, aquest dissabte, els actes de commemoraci\u00f3 del 50\u00e8 aniversari de l&#8217;entitat. Us adjuntem el programa d&#8217;activitats<\/p>\n\n\n\n<hr class=\"wp-block-separator has-alpha-channel-opacity\"\/>\n\n\n\n<p>El Club Segle XX arranca, este s\u00e1bado, los actos de conmemoraci\u00f3n del 50\u00ba aniversario de la entidad. Os adjuntamos el programa de actividades<\/p>\n","protected":false},"excerpt":{"rendered":"<p>El Club Segle XX engega, aquest dissabte, els actes de commemoraci\u00f3 del 50\u00e8 aniversari de l&#8217;entitat. Us adjuntem el programa d&#8217;activitats El Club Segle XX arranca, este s\u00e1bado, los actos &hellip; <a href=\"https:\/\/bisbalpenedes.com\/web\/2022\/08\/18\/el-club-segle-xx-engega-els-actes-de-commemoracio-del-50e-aniversari-de-lentitat-aquest-dissabte\/\" class=\"more-link\">Read More<\/a><\/p>\n","protected":false},"author":4,"featured_media":23053,"comment_status":"closed","ping_status":"closed","sticky":false,"template":"","format":"standard","meta":[],"categories":[2942,13,20,4668,8],"tags":[1949,1086,2804,393,483],"_links":{"self":[{"href":"https:\/\/bisbalpenedes.com\/web\/wp-json\/wp\/v2\/posts\/23052"}],"collection":[{"href":"https:\/\/bisbalpenedes.com\/web\/wp-json\/wp\/v2\/posts"}],"about":[{"href":"https:\/\/bisbalpenedes.com\/web\/wp-json\/wp\/v2\/types\/post"}],"author":[{"embeddable":true,"href":"https:\/\/bisbalpenedes.com\/web\/wp-json\/wp\/v2\/users\/4"}],"replies":[{"embeddable":true,"href":"https:\/\/bisbalpenedes.com\/web\/wp-json\/wp\/v2\/comments?post=23052"}],"version-history":[{"count":1,"href":"https:\/\/bisbalpenedes.com\/web\/wp-json\/wp\/v2\/posts\/23052\/revisions"}],"predecessor-version":[{"id":23054,"href":"https:\/\/bisbalpenedes.com\/web\/wp-json\/wp\/v2\/posts\/23052\/revisions\/23054"}],"wp:featuredmedia":[{"embeddable":true,"href":"https:\/\/bisbalpenedes.com\/web\/wp-json\/wp\/v2\/media\/23053"}],"wp:attachment":[{"href":"https:\/\/bisbalpenedes.com\/web\/wp-json\/wp\/v2\/media?parent=23052"}],"wp:term":[{"taxonomy":"category","embeddable":true,"href":"https:\/\/bisbalpenedes.com\/web\/wp-json\/wp\/v2\/categories?post=23052"},{"taxonomy":"post_tag","embeddable":true,"href":"https:\/\/bisbalpenedes.com\/web\/wp-json\/wp\/v2\/tags?post=23052"}],"curies":[{"name":"wp","href":"https:\/\/api.w.org\/{rel}","templated":true}]}}