{"id":23035,"date":"2022-08-16T13:02:30","date_gmt":"2022-08-16T11:02:30","guid":{"rendered":"https:\/\/bisbalpenedes.com\/web\/?p=23035"},"modified":"2022-08-16T13:02:30","modified_gmt":"2022-08-16T11:02:30","slug":"si-el-temps-ho-permet-quim-masferrer-actuara-a-la-bisbal-del-penedes-aquest-dimecres-els-veins-del-municipi-tindran-prioritat-dacces","status":"publish","type":"post","link":"https:\/\/bisbalpenedes.com\/web\/2022\/08\/16\/si-el-temps-ho-permet-quim-masferrer-actuara-a-la-bisbal-del-penedes-aquest-dimecres-els-veins-del-municipi-tindran-prioritat-dacces\/","title":{"rendered":"Si el temps ho permet, Quim Masferrer actuar\u00e0 a la Bisbal del Pened\u00e8s aquest dimecres &#8211; Els ve\u00efns del municipi tindran prioritat d&#8217;acc\u00e9s"},"content":{"rendered":"\n<p>Prioritat d&#8217;acc\u00e9s a l&#8217;espectacle &#8220;Bona Gent&#8221; de Quim Masferrer per als ve\u00efns del municipi: els que hi viuen tot l&#8217;any i els que hi tenen una segona resid\u00e8ncia.<\/p>\n\n\n\n<p>L&#8217;espectacle es far\u00e0 si el temps ho permet.<\/p>\n\n\n\n<hr class=\"wp-block-separator has-alpha-channel-opacity\"\/>\n\n\n\n<p>Prioridad de acceso al espect\u00e1culo &#8220;Bona Gent&#8221; de Quim Masferrer para los vecinos del municipio: los que viven aqu\u00ed todo el a\u00f1o y los que tienen una segunda residencia.<\/p>\n\n\n\n<p>El espect\u00e1culo se har\u00e1 si el tiempo lo permite.<\/p>\n\n\n\n<p><\/p>\n","protected":false},"excerpt":{"rendered":"<p>Prioritat d&#8217;acc\u00e9s a l&#8217;espectacle &#8220;Bona Gent&#8221; de Quim Masferrer per als ve\u00efns del municipi: els que hi viuen tot l&#8217;any i els que hi tenen una segona resid\u00e8ncia. L&#8217;espectacle es &hellip; <a href=\"https:\/\/bisbalpenedes.com\/web\/2022\/08\/16\/si-el-temps-ho-permet-quim-masferrer-actuara-a-la-bisbal-del-penedes-aquest-dimecres-els-veins-del-municipi-tindran-prioritat-dacces\/\" class=\"more-link\">Read More<\/a><\/p>\n","protected":false},"author":4,"featured_media":23036,"comment_status":"closed","ping_status":"closed","sticky":false,"template":"","format":"standard","meta":[],"categories":[2942,2161,4668,8],"tags":[280,5425,393,1188,4020],"_links":{"self":[{"href":"https:\/\/bisbalpenedes.com\/web\/wp-json\/wp\/v2\/posts\/23035"}],"collection":[{"href":"https:\/\/bisbalpenedes.com\/web\/wp-json\/wp\/v2\/posts"}],"about":[{"href":"https:\/\/bisbalpenedes.com\/web\/wp-json\/wp\/v2\/types\/post"}],"author":[{"embeddable":true,"href":"https:\/\/bisbalpenedes.com\/web\/wp-json\/wp\/v2\/users\/4"}],"replies":[{"embeddable":true,"href":"https:\/\/bisbalpenedes.com\/web\/wp-json\/wp\/v2\/comments?post=23035"}],"version-history":[{"count":1,"href":"https:\/\/bisbalpenedes.com\/web\/wp-json\/wp\/v2\/posts\/23035\/revisions"}],"predecessor-version":[{"id":23037,"href":"https:\/\/bisbalpenedes.com\/web\/wp-json\/wp\/v2\/posts\/23035\/revisions\/23037"}],"wp:featuredmedia":[{"embeddable":true,"href":"https:\/\/bisbalpenedes.com\/web\/wp-json\/wp\/v2\/media\/23036"}],"wp:attachment":[{"href":"https:\/\/bisbalpenedes.com\/web\/wp-json\/wp\/v2\/media?parent=23035"}],"wp:term":[{"taxonomy":"category","embeddable":true,"href":"https:\/\/bisbalpenedes.com\/web\/wp-json\/wp\/v2\/categories?post=23035"},{"taxonomy":"post_tag","embeddable":true,"href":"https:\/\/bisbalpenedes.com\/web\/wp-json\/wp\/v2\/tags?post=23035"}],"curies":[{"name":"wp","href":"https:\/\/api.w.org\/{rel}","templated":true}]}}