{"id":2303,"date":"2017-04-19T22:33:24","date_gmt":"2017-04-19T16:33:24","guid":{"rendered":"http:\/\/bisbalpenedes.com\/web\/?p=2303"},"modified":"2017-04-19T22:46:11","modified_gmt":"2017-04-19T16:46:11","slug":"lajuntament-forma-part-del-pla-estrategic-de-desenvolupament-economic-i-ocupacio-del-baix-penedes-2017-2022","status":"publish","type":"post","link":"https:\/\/bisbalpenedes.com\/web\/2017\/04\/19\/lajuntament-forma-part-del-pla-estrategic-de-desenvolupament-economic-i-ocupacio-del-baix-penedes-2017-2022\/","title":{"rendered":"Aquest dijous comencen les comissions del Pla Estrat\u00e8gic de Desenvolupament Econ\u00f2mic i Ocupaci\u00f3 del Baix Pened\u00e8s"},"content":{"rendered":"<p><a href=\"http:\/\/bisbalpenedes.com\/web\/wp-content\/uploads\/2017\/04\/logoccbp.png\"><img loading=\"lazy\" class=\"size-full wp-image-2304 alignleft\" title=\"logoccbp\" src=\"http:\/\/bisbalpenedes.com\/web\/wp-content\/uploads\/2017\/04\/logoccbp.png\" alt=\"\" width=\"203\" height=\"90\" \/><\/a><\/p>\n<p>&nbsp;<\/p>\n<p>&nbsp;<\/p>\n<p>&nbsp;<\/p>\n<p>&nbsp;<\/p>\n<p>L\u2019Ajuntament de La Bisbal del Pened\u00e8s es va adherir l\u2019any passat al pla estrat\u00e8gic comarcal. Durant el 2016 el Consell Comarcal del Baix Pened\u00e8s, en col\u00b7laboraci\u00f3 dels ajuntaments del Vendrell, Calafell, Cunit i l\u2019Arbo\u00e7, va desenvolupar una diagnosi socioecon\u00f2mica i territorial del Baix Pened\u00e8s. D\u2019aquesta diagnosi se\u2019n van derivar estrat\u00e8gies i \u00e0mbits clau d\u2019intervenci\u00f3 que es van organitzar en 8 l\u00ednies diferenciades<\/p>\n<p style=\"padding-left: 30px;\">-Gesti\u00f3 del territori i preservaci\u00f3 del paisatge<\/p>\n<p style=\"padding-left: 30px;\">-Millora de la competitivitat dels pol\u00edgons industrials i les infraestructures<\/p>\n<p style=\"padding-left: 30px;\">-Racionalitzaci\u00f3 de la mobilitat<\/p>\n<p style=\"padding-left: 30px;\">-Desestacionalitzaci\u00f3 de l\u2019activitat econ\u00f2mica<\/p>\n<p style=\"padding-left: 30px;\">-Ocupaci\u00f3 i cohesi\u00f3 social<\/p>\n<p style=\"padding-left: 30px;\">-Impuls a la formaci\u00f3<\/p>\n<p style=\"padding-left: 30px;\">-Projecci\u00f3 exterior de la comarca i atracci\u00f3 d\u2019inversions<\/p>\n<p style=\"padding-left: 30px;\">-Governan\u00e7a i identitat<\/p>\n<p>El pla estrat\u00e8gic territorial \u00e9s un exercici anal\u00edtic i prospectiu que aspira, b\u00e0sicament, a respondre dues q\u00fcestions:<\/p>\n<p style=\"padding-left: 30px;\">1)\u00a0\u00a0\u00a0 Quins han estat els factors hist\u00f2rics que expliquen la configuraci\u00f3 actual del territori, els seus forts i les seves mancances?<\/p>\n<p style=\"padding-left: 30px;\">2)\u00a0\u00a0\u00a0 Com s\u2019han d\u2019implicar en el disseny del futur comarcal els agents urbans (ciutadans, empreses, institucions, governs locals i altres) per a participar i cooperar en la projecci\u00f3 del conjunt de territori a la comarca?<\/p>\n<p>L\u2019objectiu del Pla Estrat\u00e8gic de Desenvolupament Econ\u00f2mic i d\u2019Ocupaci\u00f3 del Baix Pened\u00e8s inclour\u00e0 accions a desenvolupar entre els anys 2017 i 2022 i compta amb l\u2019acompanyament dels ajuntaments de la comarca i el suport d\u2019associacions empresarials amb implantaci\u00f3 al territori aix\u00ed com amb empreses consolidades dels diferents sectors econ\u00f2mics de la comarca.<\/p>\n<p>El passat 7 de mar\u00e7 de 2017 l\u2019alcaldessa de la Bisbal del Pened\u00e8s, Agn\u00e8s Ferr\u00e9, i la t\u00e8cnica municipal d\u2019ocupaci\u00f3, Aranzazu Longares, van assistir a l\u2019acte d\u2019inici de l\u2019elaboraci\u00f3 del pla estrat\u00e8gic de desenvolupament econ\u00f2mic i d\u2019ocupaci\u00f3 del Baix Pened\u00e8s, que va comptar amb una trentena de representants del sector p\u00fablic i privat (entre altres la URV, la Fundaci\u00f3 Santa Teresa, el CIT o CEOLPE). All\u00e0, es van donar a con\u00e8ixer les l\u00ednies estrat\u00e8giques de treball pels propers anys i es van fer p\u00fabliques les comissions, que es reuniran dos cops al llarg del primer semestre del 2017:<\/p>\n<p style=\"padding-left: 30px;\">-Territori<\/p>\n<p style=\"padding-left: 30px;\">-Formaci\u00f3 i ocupaci\u00f3<\/p>\n<p style=\"padding-left: 30px;\">-Empresa i ind\u00fastria<\/p>\n<p style=\"padding-left: 30px;\">-Turisme i comer\u00e7<\/p>\n<p>Ara s\u2019han obert les inscripcions per participar en les comissions de treball del Pla Estrat\u00e8gic de Desenvolupament Econ\u00f2mic i Ocupaci\u00f3 del Baix Pened\u00e8s 2017-2022. Estan obertes a persones de l\u2019administraci\u00f3 local de la comarca, associacions empresarials, empreses i agents socioecon\u00f2mics.<\/p>\n<p>La primera trobada tindr\u00e0 lloc el dia 20 d\u2019abril i versar\u00e0 sobre Formaci\u00f3 i Ocupaci\u00f3. La segona trobada tindr\u00e0 lloc el dia 24 d\u2019abril i s\u2019hi abordaran Empresa i Ind\u00fastria. El dia 25 d\u2019abril ser\u00e0 el torn del Turisme i el Comer\u00e7 i, per \u00faltim, el dia 4 de maig, la comissi\u00f3 de treball versar\u00e0 sobre el Territori. Totes les trobades es faran a les 19 h i est\u00e0 previst que tinguin una durada aproximada de dues hores. Les reunions es faran a diferents municipis de la comarca, per tal d\u2019acostar el projecte als baixpenedesencs.<\/p>\n<p>Per a m\u00e9s informaci\u00f3 us podeu adre\u00e7ar a l\u2019\u00c0rea d\u2019Ocupaci\u00f3, Promoci\u00f3 Econ\u00f2mica i Turisme del Consell Comarcal del Baix Pened\u00e8s, trucar al 977 15 71 71 o escriure un correu electr\u00f2nic a <a href=\"mailto:plaestrategic@baixpenedes.cat\">plaestrategic@baixpenedes.cat<\/a>. Tamb\u00e9 podeu entrar al web <a href=\"http:\/\/www.ccbp.cat\/\">www.ccbp.cat<\/a>. Per participar-hi haureu d\u2019omplir el <a href=\"http:\/\/www.123contactform.com\/form-2605215\/Inscripcio\">formulari.<\/a><\/p>\n","protected":false},"excerpt":{"rendered":"<p>&nbsp; &nbsp; &nbsp; &nbsp; L\u2019Ajuntament de La Bisbal del Pened\u00e8s es va adherir l\u2019any passat al pla estrat\u00e8gic comarcal. Durant el 2016 el Consell Comarcal del Baix Pened\u00e8s, en col\u00b7laboraci\u00f3 &hellip; <a href=\"https:\/\/bisbalpenedes.com\/web\/2017\/04\/19\/lajuntament-forma-part-del-pla-estrategic-de-desenvolupament-economic-i-ocupacio-del-baix-penedes-2017-2022\/\" class=\"more-link\">Read More<\/a><\/p>\n","protected":false},"author":4,"featured_media":2304,"comment_status":"closed","ping_status":"closed","sticky":false,"template":"","format":"standard","meta":[],"categories":[4],"tags":[329,322,324,326,12,327,10,323,325,328],"_links":{"self":[{"href":"https:\/\/bisbalpenedes.com\/web\/wp-json\/wp\/v2\/posts\/2303"}],"collection":[{"href":"https:\/\/bisbalpenedes.com\/web\/wp-json\/wp\/v2\/posts"}],"about":[{"href":"https:\/\/bisbalpenedes.com\/web\/wp-json\/wp\/v2\/types\/post"}],"author":[{"embeddable":true,"href":"https:\/\/bisbalpenedes.com\/web\/wp-json\/wp\/v2\/users\/4"}],"replies":[{"embeddable":true,"href":"https:\/\/bisbalpenedes.com\/web\/wp-json\/wp\/v2\/comments?post=2303"}],"version-history":[{"count":4,"href":"https:\/\/bisbalpenedes.com\/web\/wp-json\/wp\/v2\/posts\/2303\/revisions"}],"predecessor-version":[{"id":2306,"href":"https:\/\/bisbalpenedes.com\/web\/wp-json\/wp\/v2\/posts\/2303\/revisions\/2306"}],"wp:featuredmedia":[{"embeddable":true,"href":"https:\/\/bisbalpenedes.com\/web\/wp-json\/wp\/v2\/media\/2304"}],"wp:attachment":[{"href":"https:\/\/bisbalpenedes.com\/web\/wp-json\/wp\/v2\/media?parent=2303"}],"wp:term":[{"taxonomy":"category","embeddable":true,"href":"https:\/\/bisbalpenedes.com\/web\/wp-json\/wp\/v2\/categories?post=2303"},{"taxonomy":"post_tag","embeddable":true,"href":"https:\/\/bisbalpenedes.com\/web\/wp-json\/wp\/v2\/tags?post=2303"}],"curies":[{"name":"wp","href":"https:\/\/api.w.org\/{rel}","templated":true}]}}