{"id":22977,"date":"2022-08-11T10:00:00","date_gmt":"2022-08-11T08:00:00","guid":{"rendered":"https:\/\/bisbalpenedes.com\/web\/?p=22977"},"modified":"2022-08-11T10:28:40","modified_gmt":"2022-08-11T08:28:40","slug":"engeguem-el-concurs-de-fotografia-dinstagram","status":"publish","type":"post","link":"https:\/\/bisbalpenedes.com\/web\/2022\/08\/11\/engeguem-el-concurs-de-fotografia-dinstagram\/","title":{"rendered":"Engeguem el concurs de fotografia d\u2019Instagram"},"content":{"rendered":"\n<p>Fins al dimarts 16 d\u2019agost, a les 00h,&nbsp;podeu publicar les vostres fotografies de la Festa Major 2022 a Instagram i optar a guanyar un dels premis!<\/p>\n\n\n\n<p>Consulteu les condicions de participaci\u00f3 abans de publicar les vostres fotografies a: <a href=\"https:\/\/bisbalpenedes.com\/web\/concursinstagramfm2022\/\" target=\"_blank\" rel=\"noreferrer noopener\">https:\/\/bisbalpenedes.com\/web\/concursinstagramfm2022\/<\/a><\/p>\n\n\n\n<p><strong>COM S&#8217;HA DE FER LA PUBLICACI\u00d3?<\/strong><\/p>\n\n\n\n<ul><li>Les publicacions s&#8217;han de fer al feed (mur). Les publicacions de les stories o reels no comptaran com a v\u00e0lides.<\/li><li>S&#8217;haur\u00e0 d&#8217;etiquetar a la foto (opci\u00f3 &#8220;etiquetar persones&#8221; abans de publicar la foto) el perfil <a rel=\"noreferrer noopener\" href=\"http:\/\/www.instagram.com\/festamajorbisbal\" target=\"_blank\">@FestaMajorBisbal<\/a> i incloent l&#8217;etiqueta #FestaMajorBisbal al text que acompanyi la foto.<\/li><li>Cada publicaci\u00f3 ha de contenir una \u00fanica fotografia, sense l\u00edmit de publicacions.<\/li><li>Es poden utilitzar filtres i aplicacions de retoc d&#8217;imatges.<\/li><\/ul>\n\n\n\n<figure class=\"wp-block-image size-large is-resized\"><img src=\"https:\/\/bisbalpenedes.com\/web\/wp-content\/uploads\/2022\/08\/JURAT-INSTAGRAM-2022-edited-scaled.jpeg\" alt=\"\" class=\"wp-image-22990\" width=\"839\" srcset=\"https:\/\/bisbalpenedes.com\/web\/wp-content\/uploads\/2022\/08\/JURAT-INSTAGRAM-2022-edited-scaled.jpeg 2560w, https:\/\/bisbalpenedes.com\/web\/wp-content\/uploads\/2022\/08\/JURAT-INSTAGRAM-2022-edited-300x188.jpeg 300w, https:\/\/bisbalpenedes.com\/web\/wp-content\/uploads\/2022\/08\/JURAT-INSTAGRAM-2022-edited-1024x640.jpeg 1024w, https:\/\/bisbalpenedes.com\/web\/wp-content\/uploads\/2022\/08\/JURAT-INSTAGRAM-2022-edited-768x480.jpeg 768w, https:\/\/bisbalpenedes.com\/web\/wp-content\/uploads\/2022\/08\/JURAT-INSTAGRAM-2022-edited-1536x960.jpeg 1536w, https:\/\/bisbalpenedes.com\/web\/wp-content\/uploads\/2022\/08\/JURAT-INSTAGRAM-2022-edited-2048x1281.jpeg 2048w, https:\/\/bisbalpenedes.com\/web\/wp-content\/uploads\/2022\/08\/JURAT-INSTAGRAM-2022-edited-600x375.jpeg 600w\" sizes=\"(max-width: 2560px) 100vw, 2560px\" \/><figcaption><em>Fotografia de la reuni\u00f3 del jurat del Concurs d&#8217;Instagram 2022<\/em><\/figcaption><\/figure>\n\n\n\n<hr class=\"wp-block-separator has-alpha-channel-opacity\"\/>\n\n\n\n<p>Arrancamos el concurso de fotograf\u00eda de Instagram.&nbsp;\u00a1Hasta el martes 16 de agosto, a las 00h, pod\u00e9is publicar vuestras fotograf\u00edas de la Fiesta Mayor 2022 y optar a ganar uno de los premios!<\/p>\n\n\n\n<p>Consultad las condiciones de participaci\u00f3n antes de publicar vuestras fotograf\u00edas en:&nbsp;<a href=\"https:\/\/bisbalpenedes.com\/web\/concursinstagramfm2022\/\" target=\"_blank\" rel=\"noreferrer noopener\">https:\/\/bisbalpenedes.com\/web\/concursinstagramfm2022\/<\/a><\/p>\n\n\n\n<p><strong>\u00bfC\u00d3MO SE TIENE QUE HACER LA PUBLICACI\u00d3N?<\/strong><\/p>\n\n\n\n<ul><li>Las publicaciones tienen que hacerse en el feed (muro). Las publicaciones de las stories o reels no contar\u00e1n como v\u00e1lidas.<\/li><li>Se tendr\u00e1 que etiquetar en la foto (opci\u00f3n \u201cetiquetar personas\u201d antes de publicar la foto) el perfil <a href=\"http:\/\/www.instagram.com\/festamajorbisbal\" target=\"_blank\" rel=\"noreferrer noopener\">@FestaMajorBisbal<\/a> e incluir la etiqueta #FestaMajorBisbal en el texto que acompa\u00f1e la foto.<\/li><li>Cada publicaci\u00f3n tiene que contener una \u00fanica fotograf\u00eda, sin l\u00edmite de publicaciones.<\/li><li>Se pueden utilizar filtros y aplicaciones de retoque de imagen.<\/li><\/ul>\n","protected":false},"excerpt":{"rendered":"<p>Fins al dimarts 16 d\u2019agost, a les 00h,&nbsp;podeu publicar les vostres fotografies de la Festa Major 2022 a Instagram i optar a guanyar un dels premis! Consulteu les condicions de &hellip; <a href=\"https:\/\/bisbalpenedes.com\/web\/2022\/08\/11\/engeguem-el-concurs-de-fotografia-dinstagram\/\" class=\"more-link\">Read More<\/a><\/p>\n","protected":false},"author":4,"featured_media":22993,"comment_status":"closed","ping_status":"closed","sticky":false,"template":"","format":"standard","meta":[],"categories":[2942,13,2161,4668,8],"tags":[459,280,4694,50,393,1374],"_links":{"self":[{"href":"https:\/\/bisbalpenedes.com\/web\/wp-json\/wp\/v2\/posts\/22977"}],"collection":[{"href":"https:\/\/bisbalpenedes.com\/web\/wp-json\/wp\/v2\/posts"}],"about":[{"href":"https:\/\/bisbalpenedes.com\/web\/wp-json\/wp\/v2\/types\/post"}],"author":[{"embeddable":true,"href":"https:\/\/bisbalpenedes.com\/web\/wp-json\/wp\/v2\/users\/4"}],"replies":[{"embeddable":true,"href":"https:\/\/bisbalpenedes.com\/web\/wp-json\/wp\/v2\/comments?post=22977"}],"version-history":[{"count":3,"href":"https:\/\/bisbalpenedes.com\/web\/wp-json\/wp\/v2\/posts\/22977\/revisions"}],"predecessor-version":[{"id":22992,"href":"https:\/\/bisbalpenedes.com\/web\/wp-json\/wp\/v2\/posts\/22977\/revisions\/22992"}],"wp:featuredmedia":[{"embeddable":true,"href":"https:\/\/bisbalpenedes.com\/web\/wp-json\/wp\/v2\/media\/22993"}],"wp:attachment":[{"href":"https:\/\/bisbalpenedes.com\/web\/wp-json\/wp\/v2\/media?parent=22977"}],"wp:term":[{"taxonomy":"category","embeddable":true,"href":"https:\/\/bisbalpenedes.com\/web\/wp-json\/wp\/v2\/categories?post=22977"},{"taxonomy":"post_tag","embeddable":true,"href":"https:\/\/bisbalpenedes.com\/web\/wp-json\/wp\/v2\/tags?post=22977"}],"curies":[{"name":"wp","href":"https:\/\/api.w.org\/{rel}","templated":true}]}}