{"id":22965,"date":"2022-08-10T13:09:48","date_gmt":"2022-08-10T11:09:48","guid":{"rendered":"https:\/\/bisbalpenedes.com\/web\/?p=22965"},"modified":"2022-08-10T13:09:48","modified_gmt":"2022-08-10T11:09:48","slug":"aquest-dijous-sinauguren-les-exposicions-de-la-festa-major-2022","status":"publish","type":"post","link":"https:\/\/bisbalpenedes.com\/web\/2022\/08\/10\/aquest-dijous-sinauguren-les-exposicions-de-la-festa-major-2022\/","title":{"rendered":"Aquest dijous s&#8217;inauguren les exposicions de la Festa Major 2022"},"content":{"rendered":"\n<p>Aquest dijous 11 d&#8217;agost, a les 19h, s&#8217;inauguren les exposicions de la Festa Major:<\/p>\n\n\n\n<h2>Exposici\u00f3 del Taller de Puntes de la Bisbal<\/h2>\n\n\n\n<p>Organitzada pel taller de puntes de la Bisbal del Pened\u00e8s. <\/p>\n\n\n\n<p>Oberta cada dia de la Festa Major, de 18 a 21h.<\/p>\n\n\n\n<hr class=\"wp-block-separator has-alpha-channel-opacity\"\/>\n\n\n\n<h2>Exposici\u00f3 &#8220;Dies de Festa&#8221;<\/h2>\n\n\n\n<p>Un petit recorregut per la festa, la m\u00fasica i els espectacles que han tingut lloc a la Bisbal al llarg d&#8217;aquesta darrera d\u00e8cada.<\/p>\n\n\n\n<p>Al vest\u00edbul del CMC. Oberta cada dia de Festa Major, de 19 a 21h.<\/p>\n\n\n\n<hr class=\"wp-block-separator has-alpha-channel-opacity\"\/>\n\n\n\n<h2>Exposici\u00f3 &#8220;La Bisbal. Els Fabulosos anys 20&#8221;<\/h2>\n\n\n\n<p>Els bisbalencs que van viure fa just un segle van poder experimentar de primera m\u00e0 com, de mica en mica, anaven arribant al poble tot de canvis i innovacions que revolucionarien la seva manera de viure, con\u00e8ixer i relacionar-se amb el m\u00f3n. Hem intentat recrear aquest viatge per anar descobrint totes aquestes iniciatives que van tenir lloc al voltant de la d\u00e8cada dels 20 i que, amb esfor\u00e7, patiment i algunes alegries, van suposar la primera pedra per convertir la Bisbal en el poble que avui coneixem.<\/p>\n\n\n\n<p>A la sala gran del CMC. Oberta cada dia de la Festa major, de 19h a 21h. I els dies 18 i 19 i tamb\u00e9 del 22 al 26 d\u2019agost, de 16:30h a 20h.<\/p>\n\n\n\n<figure class=\"wp-block-image size-large\"><img loading=\"lazy\" width=\"1024\" height=\"1024\" src=\"https:\/\/bisbalpenedes.com\/web\/wp-content\/uploads\/2022\/08\/EXPO-ANYS-20-1024x1024.png\" alt=\"\" class=\"wp-image-22966\" srcset=\"https:\/\/bisbalpenedes.com\/web\/wp-content\/uploads\/2022\/08\/EXPO-ANYS-20-1024x1024.png 1024w, https:\/\/bisbalpenedes.com\/web\/wp-content\/uploads\/2022\/08\/EXPO-ANYS-20-300x300.png 300w, https:\/\/bisbalpenedes.com\/web\/wp-content\/uploads\/2022\/08\/EXPO-ANYS-20-150x150.png 150w, https:\/\/bisbalpenedes.com\/web\/wp-content\/uploads\/2022\/08\/EXPO-ANYS-20-768x768.png 768w, https:\/\/bisbalpenedes.com\/web\/wp-content\/uploads\/2022\/08\/EXPO-ANYS-20-600x600.png 600w, https:\/\/bisbalpenedes.com\/web\/wp-content\/uploads\/2022\/08\/EXPO-ANYS-20-100x100.png 100w, https:\/\/bisbalpenedes.com\/web\/wp-content\/uploads\/2022\/08\/EXPO-ANYS-20.png 1080w\" sizes=\"(max-width: 1024px) 100vw, 1024px\" \/><\/figure>\n\n\n\n<hr class=\"wp-block-separator has-alpha-channel-opacity\"\/>\n\n\n\n<hr class=\"wp-block-separator has-alpha-channel-opacity\"\/>\n\n\n\n<h2>CASTELLANO<\/h2>\n\n\n\n<p>Este jueves 11 de agosto, a las 19h, se inauguran las exposiciones de la Fiesta Mayor:<\/p>\n\n\n\n<h2>Exposici\u00f3n del Taller de Puntes de la Bisbal<\/h2>\n\n\n\n<p>Organizada por el taller de puntes de la Bisbal<\/p>\n\n\n\n<p>Abierta cada d\u00eda de la Fiesta Mayor, de 18h a 21h<\/p>\n\n\n\n<h2>Exposici\u00f3n &#8220;D\u00edas de Fiesta&#8221;<\/h2>\n\n\n\n<p>Un peque\u00f1o recorrido por la fiesta, la m\u00fasica y los espect\u00e1culos que han tenido lugar en la Bisbal a lo largo de esta \u00faltima d\u00e9cada.<\/p>\n\n\n\n<p>En el vest\u00edbulo del CMC. Abierta cada d\u00eda de Fiesta Mayor, de 19h a 21h.<\/p>\n\n\n\n<h2>Exposici\u00f3n &#8220;La Bisbal. Los Fabulosos a\u00f1os 20&#8221;<\/h2>\n\n\n\n<p>Los bisbalenses que vivieron hace justo un siglo pudieron experimentar de primera mano como, poco a poco, iban llegando al pueblo cambios e innovaciones que revolucionar\u00edan su forma de vivir, conocer y relacionarse con el mundo. Hemos intentado recrear este viaje para ir descubriendo todas estas iniciativas que tuvieron lugar alrededor de la d\u00e9cada de los 20 y que, con esfuerzo y sufrimiento y algunas alegr\u00edas, supusieron la primera piedra para convertir la Bisbal en el pueblo que hoy conocemos.<\/p>\n\n\n\n<p>En la sala grande del CMC. Abierta cada d\u00eda de Fiesta Mayor, de 19h a 21h. Y los d\u00edas 18 y 19 y tambi\u00e9n del 22 al 26 de agosto, de 16:30h a 20h.<\/p>\n","protected":false},"excerpt":{"rendered":"<p>Aquest dijous 11 d&#8217;agost, a les 19h, s&#8217;inauguren les exposicions de la Festa Major: Exposici\u00f3 del Taller de Puntes de la Bisbal Organitzada pel taller de puntes de la Bisbal &hellip; <a href=\"https:\/\/bisbalpenedes.com\/web\/2022\/08\/10\/aquest-dijous-sinauguren-les-exposicions-de-la-festa-major-2022\/\" class=\"more-link\">Read More<\/a><\/p>\n","protected":false},"author":4,"featured_media":22967,"comment_status":"closed","ping_status":"closed","sticky":false,"template":"","format":"standard","meta":[],"categories":[2942,13,2161,4668,8],"tags":[5441,459,1639,280,4694,852,393,5442],"_links":{"self":[{"href":"https:\/\/bisbalpenedes.com\/web\/wp-json\/wp\/v2\/posts\/22965"}],"collection":[{"href":"https:\/\/bisbalpenedes.com\/web\/wp-json\/wp\/v2\/posts"}],"about":[{"href":"https:\/\/bisbalpenedes.com\/web\/wp-json\/wp\/v2\/types\/post"}],"author":[{"embeddable":true,"href":"https:\/\/bisbalpenedes.com\/web\/wp-json\/wp\/v2\/users\/4"}],"replies":[{"embeddable":true,"href":"https:\/\/bisbalpenedes.com\/web\/wp-json\/wp\/v2\/comments?post=22965"}],"version-history":[{"count":1,"href":"https:\/\/bisbalpenedes.com\/web\/wp-json\/wp\/v2\/posts\/22965\/revisions"}],"predecessor-version":[{"id":22968,"href":"https:\/\/bisbalpenedes.com\/web\/wp-json\/wp\/v2\/posts\/22965\/revisions\/22968"}],"wp:featuredmedia":[{"embeddable":true,"href":"https:\/\/bisbalpenedes.com\/web\/wp-json\/wp\/v2\/media\/22967"}],"wp:attachment":[{"href":"https:\/\/bisbalpenedes.com\/web\/wp-json\/wp\/v2\/media?parent=22965"}],"wp:term":[{"taxonomy":"category","embeddable":true,"href":"https:\/\/bisbalpenedes.com\/web\/wp-json\/wp\/v2\/categories?post=22965"},{"taxonomy":"post_tag","embeddable":true,"href":"https:\/\/bisbalpenedes.com\/web\/wp-json\/wp\/v2\/tags?post=22965"}],"curies":[{"name":"wp","href":"https:\/\/api.w.org\/{rel}","templated":true}]}}