{"id":22950,"date":"2022-08-09T12:23:12","date_gmt":"2022-08-09T10:23:12","guid":{"rendered":"https:\/\/bisbalpenedes.com\/web\/?p=22950"},"modified":"2022-08-09T12:23:12","modified_gmt":"2022-08-09T10:23:12","slug":"el-punt-verd-compta-amb-un-punt-de-recollida-de-capsules-de-cafe","status":"publish","type":"post","link":"https:\/\/bisbalpenedes.com\/web\/2022\/08\/09\/el-punt-verd-compta-amb-un-punt-de-recollida-de-capsules-de-cafe\/","title":{"rendered":"El Punt Verd compta amb un punt de recollida de c\u00e0psules de caf\u00e8"},"content":{"rendered":"\n<p>El Consell Comarcal del Baix Pened\u00e8s ha instal\u00b7lat 26 nous punts de recollida de c\u00e0psules de caf\u00e8 usades, de pl\u00e0stic i d&#8217;alumini, de la xarxa del Cercle RECICAP, el projecte de recollida i reciclatge d&#8217;aquest tipus de materials. Un dels punts el podeu trobar al Punt Verd de la Bisbal, al cam\u00ed del Gosch, s\/n.<\/p>\n\n\n\n<p>El Cercle RECICAP t\u00e9 com a objectiu principal oferir un \u00fanic sistema de reciclatge de c\u00e0psules de caf\u00e8, tant d&#8217;alumini com de pl\u00e0stic, que garanteixi una soluci\u00f3 integral per al sector. Amb aquest sistema, es vol aconseguir que les c\u00e0psules que es recullen, es reciclin.<\/p>\n\n\n\n<hr class=\"wp-block-separator has-alpha-channel-opacity\"\/>\n\n\n\n<p>El Consell Comarcal del Baix Pened\u00e8s ha instalado 26 nuevos puntos de recogida de capsules de caf\u00e9 usades, de pl\u00e1stico y de aluminio, de la red del C\u00edrculo RECICAP, el proyecto de recogida y reciclaje de este tipo de materiales. Uno de los puntos lo pod\u00e9is encontrar en el Punt Verd de la Bisbal, en el camino del Gosch, s\/n.<\/p>\n\n\n\n<p>El C\u00edrculo RECICAP tiene como objetivo principal ofrecer un \u00fanico sistema de reciclaje de c\u00e1psulas de caf\u00e9, tanto de aluminio como de pl\u00e1stico, que garantice una soluci\u00f3n integral para el sector. Con este sistema, se quiere conseguir que las c\u00e1psulas que se recogen se reciclen.<\/p>\n","protected":false},"excerpt":{"rendered":"<p>El Consell Comarcal del Baix Pened\u00e8s ha instal\u00b7lat 26 nous punts de recollida de c\u00e0psules de caf\u00e8 usades, de pl\u00e0stic i d&#8217;alumini, de la xarxa del Cercle RECICAP, el projecte &hellip; <a href=\"https:\/\/bisbalpenedes.com\/web\/2022\/08\/09\/el-punt-verd-compta-amb-un-punt-de-recollida-de-capsules-de-cafe\/\" class=\"more-link\">Read More<\/a><\/p>\n","protected":false},"author":4,"featured_media":22952,"comment_status":"closed","ping_status":"closed","sticky":false,"template":"","format":"standard","meta":[],"categories":[3215,8],"tags":[5440,393,92,1477,627,628],"_links":{"self":[{"href":"https:\/\/bisbalpenedes.com\/web\/wp-json\/wp\/v2\/posts\/22950"}],"collection":[{"href":"https:\/\/bisbalpenedes.com\/web\/wp-json\/wp\/v2\/posts"}],"about":[{"href":"https:\/\/bisbalpenedes.com\/web\/wp-json\/wp\/v2\/types\/post"}],"author":[{"embeddable":true,"href":"https:\/\/bisbalpenedes.com\/web\/wp-json\/wp\/v2\/users\/4"}],"replies":[{"embeddable":true,"href":"https:\/\/bisbalpenedes.com\/web\/wp-json\/wp\/v2\/comments?post=22950"}],"version-history":[{"count":1,"href":"https:\/\/bisbalpenedes.com\/web\/wp-json\/wp\/v2\/posts\/22950\/revisions"}],"predecessor-version":[{"id":22953,"href":"https:\/\/bisbalpenedes.com\/web\/wp-json\/wp\/v2\/posts\/22950\/revisions\/22953"}],"wp:featuredmedia":[{"embeddable":true,"href":"https:\/\/bisbalpenedes.com\/web\/wp-json\/wp\/v2\/media\/22952"}],"wp:attachment":[{"href":"https:\/\/bisbalpenedes.com\/web\/wp-json\/wp\/v2\/media?parent=22950"}],"wp:term":[{"taxonomy":"category","embeddable":true,"href":"https:\/\/bisbalpenedes.com\/web\/wp-json\/wp\/v2\/categories?post=22950"},{"taxonomy":"post_tag","embeddable":true,"href":"https:\/\/bisbalpenedes.com\/web\/wp-json\/wp\/v2\/tags?post=22950"}],"curies":[{"name":"wp","href":"https:\/\/api.w.org\/{rel}","templated":true}]}}