{"id":2295,"date":"2017-04-19T03:03:39","date_gmt":"2017-04-18T21:03:39","guid":{"rendered":"http:\/\/bisbalpenedes.com\/web\/?p=2295"},"modified":"2017-04-19T03:03:39","modified_gmt":"2017-04-18T21:03:39","slug":"lajuntament-de-la-bisbal-del-penedes-edita-un-nou-llibre-de-tematica-local-per-sant-jordi","status":"publish","type":"post","link":"https:\/\/bisbalpenedes.com\/web\/2017\/04\/19\/lajuntament-de-la-bisbal-del-penedes-edita-un-nou-llibre-de-tematica-local-per-sant-jordi\/","title":{"rendered":"L\u2019Ajuntament de la Bisbal del Pened\u00e8s edita un nou llibre de tem\u00e0tica local per Sant Jordi"},"content":{"rendered":"<p style=\"text-align: left;\"><a href=\"http:\/\/bisbalpenedes.com\/web\/wp-content\/uploads\/2017\/04\/PROMO_ARRELS.jpg\"><br \/>\n<\/a><strong><\/strong><\/p>\n<p style=\"text-align: center;\"><a href=\"http:\/\/bisbalpenedes.com\/web\/wp-content\/uploads\/2017\/04\/FormatFactoryPROMO_ARRELS1.jpg\"><img loading=\"lazy\" class=\"aligncenter  wp-image-2298\" title=\"Llibre arrels del campanar\" src=\"http:\/\/bisbalpenedes.com\/web\/wp-content\/uploads\/2017\/04\/FormatFactoryPROMO_ARRELS1.jpg\" alt=\"\" width=\"480\" height=\"384\" srcset=\"https:\/\/bisbalpenedes.com\/web\/wp-content\/uploads\/2017\/04\/FormatFactoryPROMO_ARRELS1.jpg 600w, https:\/\/bisbalpenedes.com\/web\/wp-content\/uploads\/2017\/04\/FormatFactoryPROMO_ARRELS1-300x240.jpg 300w\" sizes=\"(max-width: 480px) 100vw, 480px\" \/><\/a><\/p>\n<p style=\"text-align: center;\"><strong>Enguany l\u2019autor \u00e9s l\u2019Heribert Ventosa i Guasch i el llibre es titula \u201cArrels de campanar\u201d<\/strong><\/p>\n<p>La vida de La Bisbal del Pened\u00e8s de finals dels anys 1950 i principis dels 60, \u201cdes dels ulls\u201d d\u2019un moss\u00e8n, \u00e9s la protagonista del nou llibre d\u2019Heribert Ventosa, \u201cArrels de Campanar\u201d. El llibre va n\u00e9ixer arran d\u2019una xerrada que va oferir l\u2019autor l\u2019any passat en un acte organitzat per l\u2019Associaci\u00f3 de dones La Roca Foradada i que versava sobre el llegat d\u2019imatges que havia deixat Moss\u00e8n Pau en traspassar. A partir d\u2019aquesta presentaci\u00f3 oral, l\u2019ajuntament de la vila va fer l\u2019enc\u00e0rrec d\u2019un llibre a Ventosa, que ja havia publicat anteriorment el recull \u201cGent: imatges bisbalenques al llarg de 100 anys\u201d.<\/p>\n<p>\u201cArrels de campanar\u201d est\u00e0 format per fotografies i textos. Les fotografies van ser fetes per Moss\u00e8n Pau Cald\u00e8s, qui va arribar a la Bisbal l\u2019any 1955 i, m\u00e9s tard, va marxar a la Parr\u00f2quia de Sant Salvador del Vendrell. Segons explica Ventosa, Cald\u00e8s va impulsar l\u2019arranjament del campanar i de la pla\u00e7a de l\u2019Esgl\u00e9sia. A m\u00e9s va ser impulsor d\u2019iniciatives musicals com ara la revifada \u00a0del cant coral al municipi i de les caramelles. Aix\u00ed doncs, el llibre cont\u00e9 imatges que formen part del llegat que va deixar Moss\u00e8n Pau. L\u2019autor del recull n\u2019ha fet una tria i les ha agrupat per cap\u00edtols. Entre aquestes fotografies hi ha instant\u00e0nies de la vila, paisatges, imatges de cerim\u00f2nies religioses de l\u2019\u00e8poca i d\u2019alguns detalls de l\u2019esgl\u00e9sia i el Centre Catequ\u00edstic o fotos de les cantades de caramelles per Pasqua, entre d\u2019altres. Pel que fa als textos, aquests s\u00f3n un recull d\u2019an\u00e8cdotes que van de finals del segle XIX a comen\u00e7aments del segle XX (fins al 1960, aproximadament) que ha estat possible gr\u00e0cies al boca-orella, a la recerca bibliogr\u00e0fica de l\u2019autor i a la col\u00b7laboraci\u00f3 de diversos ve\u00efns del poble que han fet arribar algunes hist\u00f2ries a l\u2019autor.<\/p>\n<p>Heribert Ventosa i Guasch \u00e9s bisbalenc i un gran aficionat al senderisme, el muntanyisme i els viatges. Va ser alcalde de la vila a finals dels vuitanta i principis dels noranta \u00a0i ha dedicat la major part de la seva vida a la construcci\u00f3 i al comer\u00e7 dels hidrocarburs. Com a escriptor ha publicat anteriorment\u00a0 \u201cGent: imatges bisbalenques al llarg de 100 anys\u201d (2003), que tamb\u00e9 inclo\u00efa fotografies i, en aquest cas, feia un rep\u00e0s a la vida festiva i social de la vila.\u00a0 Ventosa ha col\u00b7laborat en nombroses publicacions, entre elles alguna antologia publicada per Televisi\u00f3 de Catalunya. \u00c9s col\u00b7laborador habitual a la revista El Marge amb la secci\u00f3 \u201cUna foto amb hist\u00f2ria\u201d i, tamb\u00e9 ha ajudat en el muntatge d\u2019exposicions. L\u2019autor compta amb una \u00e0mplia col\u00b7lecci\u00f3 de fotografies antigues, ja que n\u2019\u00e9s un gran aficionat. Pel que fa al t\u00edtol de l\u2019obra explica que \u201cels campanars no tenen arrels per\u00f2 jo considero arrels tot el que t\u00e9 a veure amb el tarann\u00e0 del poble, amb <em>el sentir<\/em> de la gent, amb el fer, amb la manera de viure. I aix\u00f2 es pot traduir amb fotografies o amb historietes que t\u2019expliquen, o amb aquell document que trobes\u201d.<\/p>\n<p>Per la seva banda la regidora de Cultura, Judith Vidal, ha explicat que \u201c\u00e9s una satisfacci\u00f3 poder promoure la cultura com a Ajuntament i poder recuperar part del nostre llegat en forma de fotografies\u201d. Vidal ha afegit que pensa que aquest llibre \u201c\u00e9s com un petit tresor, ja que de ben segur molts bisbalencs i bisbalenques trobaran imatges de familiars i amics o de llocs i tradicions que han canviat molt amb el pas dels anys\u201d.<\/p>\n<p>El llibre, editat per l\u2019Ajuntament de La Bisbal del Pened\u00e8s, es presentar\u00e0 aquest divendres 21 d\u2019abril a les 20h al CMC. El preu de venda al p\u00fablic \u00e9s de 5 euros i es podr\u00e0 adquirir el mateix divendres en acabar la presentaci\u00f3 o, passat aquest dia, a la Biblioteca P\u00fablica de La Bisbal del Pened\u00e8s o a l\u2019ajuntament del municipi.<\/p>\n<p>&nbsp;<\/p>\n","protected":false},"excerpt":{"rendered":"<p>Enguany l\u2019autor \u00e9s l\u2019Heribert Ventosa i Guasch i el llibre es titula \u201cArrels de campanar\u201d La vida de La Bisbal del Pened\u00e8s de finals dels anys 1950 i principis dels &hellip; <a href=\"https:\/\/bisbalpenedes.com\/web\/2017\/04\/19\/lajuntament-de-la-bisbal-del-penedes-edita-un-nou-llibre-de-tematica-local-per-sant-jordi\/\" class=\"more-link\">Read More<\/a><\/p>\n","protected":false},"author":4,"featured_media":2296,"comment_status":"closed","ping_status":"closed","sticky":false,"template":"","format":"standard","meta":[],"categories":[13,4],"tags":[321,226,320,47,64],"_links":{"self":[{"href":"https:\/\/bisbalpenedes.com\/web\/wp-json\/wp\/v2\/posts\/2295"}],"collection":[{"href":"https:\/\/bisbalpenedes.com\/web\/wp-json\/wp\/v2\/posts"}],"about":[{"href":"https:\/\/bisbalpenedes.com\/web\/wp-json\/wp\/v2\/types\/post"}],"author":[{"embeddable":true,"href":"https:\/\/bisbalpenedes.com\/web\/wp-json\/wp\/v2\/users\/4"}],"replies":[{"embeddable":true,"href":"https:\/\/bisbalpenedes.com\/web\/wp-json\/wp\/v2\/comments?post=2295"}],"version-history":[{"count":1,"href":"https:\/\/bisbalpenedes.com\/web\/wp-json\/wp\/v2\/posts\/2295\/revisions"}],"predecessor-version":[{"id":2299,"href":"https:\/\/bisbalpenedes.com\/web\/wp-json\/wp\/v2\/posts\/2295\/revisions\/2299"}],"wp:featuredmedia":[{"embeddable":true,"href":"https:\/\/bisbalpenedes.com\/web\/wp-json\/wp\/v2\/media\/2296"}],"wp:attachment":[{"href":"https:\/\/bisbalpenedes.com\/web\/wp-json\/wp\/v2\/media?parent=2295"}],"wp:term":[{"taxonomy":"category","embeddable":true,"href":"https:\/\/bisbalpenedes.com\/web\/wp-json\/wp\/v2\/categories?post=2295"},{"taxonomy":"post_tag","embeddable":true,"href":"https:\/\/bisbalpenedes.com\/web\/wp-json\/wp\/v2\/tags?post=2295"}],"curies":[{"name":"wp","href":"https:\/\/api.w.org\/{rel}","templated":true}]}}