{"id":22947,"date":"2022-08-09T11:05:44","date_gmt":"2022-08-09T09:05:44","guid":{"rendered":"https:\/\/bisbalpenedes.com\/web\/?p=22947"},"modified":"2022-08-09T11:08:36","modified_gmt":"2022-08-09T09:08:36","slug":"sadjudica-provisionalment-el-servei-de-bar-de-la-festa-major","status":"publish","type":"post","link":"https:\/\/bisbalpenedes.com\/web\/2022\/08\/09\/sadjudica-provisionalment-el-servei-de-bar-de-la-festa-major\/","title":{"rendered":"S\u2019adjudica provisionalment el servei de bar de la Festa Major"},"content":{"rendered":"\n<p>Ahir dilluns 8 d&#8217;agost, a les 12h, es van obrir els sobres \u00fanics de les quatre propostes presentades a la licitaci\u00f3 del servei de bar de la Festa Major. La mesa de contractaci\u00f3 va valorar les quatre propostes, segons el plec de cl\u00e0usules i, el mateix dilluns, l&#8217;alcaldessa va signar el Decret d&#8217;adjudicaci\u00f3 provisional d&#8217;aquest servei a l&#8217;empresa Xenulua S.L.<\/p>\n\n\n\n<p>Ara, l&#8217;empresa presentar\u00e0 la documentaci\u00f3 per aprovar l&#8217;adjudicaci\u00f3 definitiva. El bar estar\u00e0 ubicat a l&#8217;envelat i estar\u00e0 obert des del divendres 12 d&#8217;agost fins al dimecres 17 d&#8217;agost, mentre hi hagi activitats a l&#8217;envelat.<\/p>\n\n\n\n<hr class=\"wp-block-separator has-alpha-channel-opacity\"\/>\n\n\n\n<p>Ayer lunes 8 de agosto, a las 12h, se abrieron los sobres \u00fanicos de las cuatro propuestas presentadas a la licitaci\u00f3n del servicio de bar de la Fiesta Mayor. La mesa de contrataci\u00f3n valor\u00f3 las cuatro propuestas, seg\u00fan el pliego de cl\u00e1usulas y, el mismo lunes, la alcaldesa firm\u00f3 el Decreto de adjudicaci\u00f3n provisional de este servicio a la empresa Xenulua S.L.<\/p>\n\n\n\n<p>Ahora, la empresa presentar\u00e1 la documentaci\u00f3n para aprobar la adjudicaci\u00f3n definitiva. El bar estar\u00e1 ubicado en la carpa (<em>envelat<\/em>) y estar\u00e1 abierto desde el viernes 12 de agosto hasta el mi\u00e9rcoles 17 de agosto, mientras haya actividades en la carpa.<\/p>\n","protected":false},"excerpt":{"rendered":"<p>Ahir dilluns 8 d&#8217;agost, a les 12h, es van obrir els sobres \u00fanics de les quatre propostes presentades a la licitaci\u00f3 del servei de bar de la Festa Major. La &hellip; <a href=\"https:\/\/bisbalpenedes.com\/web\/2022\/08\/09\/sadjudica-provisionalment-el-servei-de-bar-de-la-festa-major\/\" class=\"more-link\">Read More<\/a><\/p>\n","protected":false},"author":4,"featured_media":22913,"comment_status":"closed","ping_status":"closed","sticky":false,"template":"","format":"standard","meta":[],"categories":[2057,2161,4668,8],"tags":[459,5439,280,4694,393],"_links":{"self":[{"href":"https:\/\/bisbalpenedes.com\/web\/wp-json\/wp\/v2\/posts\/22947"}],"collection":[{"href":"https:\/\/bisbalpenedes.com\/web\/wp-json\/wp\/v2\/posts"}],"about":[{"href":"https:\/\/bisbalpenedes.com\/web\/wp-json\/wp\/v2\/types\/post"}],"author":[{"embeddable":true,"href":"https:\/\/bisbalpenedes.com\/web\/wp-json\/wp\/v2\/users\/4"}],"replies":[{"embeddable":true,"href":"https:\/\/bisbalpenedes.com\/web\/wp-json\/wp\/v2\/comments?post=22947"}],"version-history":[{"count":2,"href":"https:\/\/bisbalpenedes.com\/web\/wp-json\/wp\/v2\/posts\/22947\/revisions"}],"predecessor-version":[{"id":22949,"href":"https:\/\/bisbalpenedes.com\/web\/wp-json\/wp\/v2\/posts\/22947\/revisions\/22949"}],"wp:featuredmedia":[{"embeddable":true,"href":"https:\/\/bisbalpenedes.com\/web\/wp-json\/wp\/v2\/media\/22913"}],"wp:attachment":[{"href":"https:\/\/bisbalpenedes.com\/web\/wp-json\/wp\/v2\/media?parent=22947"}],"wp:term":[{"taxonomy":"category","embeddable":true,"href":"https:\/\/bisbalpenedes.com\/web\/wp-json\/wp\/v2\/categories?post=22947"},{"taxonomy":"post_tag","embeddable":true,"href":"https:\/\/bisbalpenedes.com\/web\/wp-json\/wp\/v2\/tags?post=22947"}],"curies":[{"name":"wp","href":"https:\/\/api.w.org\/{rel}","templated":true}]}}