{"id":2292,"date":"2017-04-19T02:47:18","date_gmt":"2017-04-18T20:47:18","guid":{"rendered":"http:\/\/bisbalpenedes.com\/web\/?p=2292"},"modified":"2017-05-15T16:16:15","modified_gmt":"2017-05-15T10:16:15","slug":"nova-convocatoria-de-subvencions-per-a-persones-desocupades-que-shagin-establert-com-a-autonomes","status":"publish","type":"post","link":"https:\/\/bisbalpenedes.com\/web\/2017\/04\/19\/nova-convocatoria-de-subvencions-per-a-persones-desocupades-que-shagin-establert-com-a-autonomes\/","title":{"rendered":"Nova convocat\u00f2ria de subvencions per a persones desocupades que s\u2019hagin establert com a aut\u00f2nomes"},"content":{"rendered":"<p><strong>L\u2019Ajuntament contempla una partida de 15.000 euros de pressupost destinada a aquest subsidi<\/strong><\/p>\n<p>Des d\u2019aquest dimecres 19 d\u2019abril i fins al 30 de setembre de 2017 estar\u00e0 obert el termini per sol\u00b7licitar una subvenci\u00f3 destinada a ajudar a engegar el seu negoci a les persones que s\u2019hagin establert com a aut\u00f2nomes. La partida total de qu\u00e8 disposa l\u2019Ajuntament de La Bisbal del Pened\u00e8s amb aquesta finalitat \u00e9s de 15.000 \u20ac i la subvenci\u00f3 individual podr\u00e0 ser de 2.800 \u20ac per persona, com a m\u00e0xim.<\/p>\n<p>Les persones sol\u00b7licitants hauran d\u2019estar empadronades al municipi de La Bisbal del Pened\u00e8s, haver iniciat una activitat econ\u00f2mica com a aut\u00f2nom\/a o haver-se incorporat a una activitat econ\u00f2mica preexistent o de nova creaci\u00f3, com a socis d\u2019una societat civil o mercantil que hagi requerit l\u2019alta al r\u00e8gim d\u2019aut\u00f2noms.<\/p>\n<p>Amb aquesta convocat\u00f2ria es podran subvencionar els pagaments de les quotes d\u2019aut\u00f2noms del primer any, les despeses de tributs i preus p\u00fablics locals, auton\u00f2mics i estatals relacionats amb l\u2019inici de l\u2019activitat i el primer establiment aix\u00ed com els informes t\u00e8cnics obligatoris per a la legalitzaci\u00f3 de la nova activitat, les despeses de gestoria o assessoria per a la posada en marxa de la nova activitat i les despeses d\u2019arrendament del primer any dels locals destinats a realitzar l\u2019activitat.<\/p>\n<p>Per a m\u00e9s informaci\u00f3 i detalls sobre els requisits de la convocat\u00f2ria podeu consultar l\u2019anunci publicat al <a href=\"https:\/\/www.diputaciodetarragona.cat\/ebop\/index.php?op=anunci&amp;id=3366&amp;ebop_any=2017\" target=\"_blank\">Butllet\u00ed Oficial de la Prov\u00edncia amb data de 18 d\u2019abril de 2017 (n\u00famero 74).<\/a> Tamb\u00e9 us podeu adre\u00e7ar a l\u2019Ajuntament de La Bisbal del Pened\u00e8s, Carrer Major, 21. Tel\u00e8fon 977 688 438.<\/p>\n<p>PODEU DESCARREGAR EL DOCUMENT DE SOL.LICITUD CLICANT AQU\u00cd:<br \/>\n<a href='http:\/\/bisbalpenedes.com\/web\/wp-content\/uploads\/2017\/04\/model_autonom_2017.pdf'>model_autonom_2017<\/a><br \/>\nMODEL DE SOLLICITUD DE CONCESSI\u00d3 DE SUBVENCIONS A LES PERSONES DESOCUPADES QUE S&#8217;ESTABLEIXEN COM A AUT\u00d2NOMES<\/p>\n","protected":false},"excerpt":{"rendered":"<p>L\u2019Ajuntament contempla una partida de 15.000 euros de pressupost destinada a aquest subsidi Des d\u2019aquest dimecres 19 d\u2019abril i fins al 30 de setembre de 2017 estar\u00e0 obert el termini &hellip; <a href=\"https:\/\/bisbalpenedes.com\/web\/2017\/04\/19\/nova-convocatoria-de-subvencions-per-a-persones-desocupades-que-shagin-establert-com-a-autonomes\/\" class=\"more-link\">Read More<\/a><\/p>\n","protected":false},"author":4,"featured_media":2174,"comment_status":"closed","ping_status":"closed","sticky":false,"template":"","format":"standard","meta":[],"categories":[4,9],"tags":[163,41,10,102],"_links":{"self":[{"href":"https:\/\/bisbalpenedes.com\/web\/wp-json\/wp\/v2\/posts\/2292"}],"collection":[{"href":"https:\/\/bisbalpenedes.com\/web\/wp-json\/wp\/v2\/posts"}],"about":[{"href":"https:\/\/bisbalpenedes.com\/web\/wp-json\/wp\/v2\/types\/post"}],"author":[{"embeddable":true,"href":"https:\/\/bisbalpenedes.com\/web\/wp-json\/wp\/v2\/users\/4"}],"replies":[{"embeddable":true,"href":"https:\/\/bisbalpenedes.com\/web\/wp-json\/wp\/v2\/comments?post=2292"}],"version-history":[{"count":6,"href":"https:\/\/bisbalpenedes.com\/web\/wp-json\/wp\/v2\/posts\/2292\/revisions"}],"predecessor-version":[{"id":2421,"href":"https:\/\/bisbalpenedes.com\/web\/wp-json\/wp\/v2\/posts\/2292\/revisions\/2421"}],"wp:featuredmedia":[{"embeddable":true,"href":"https:\/\/bisbalpenedes.com\/web\/wp-json\/wp\/v2\/media\/2174"}],"wp:attachment":[{"href":"https:\/\/bisbalpenedes.com\/web\/wp-json\/wp\/v2\/media?parent=2292"}],"wp:term":[{"taxonomy":"category","embeddable":true,"href":"https:\/\/bisbalpenedes.com\/web\/wp-json\/wp\/v2\/categories?post=2292"},{"taxonomy":"post_tag","embeddable":true,"href":"https:\/\/bisbalpenedes.com\/web\/wp-json\/wp\/v2\/tags?post=2292"}],"curies":[{"name":"wp","href":"https:\/\/api.w.org\/{rel}","templated":true}]}}