{"id":22912,"date":"2022-08-06T11:12:27","date_gmt":"2022-08-06T09:12:27","guid":{"rendered":"https:\/\/bisbalpenedes.com\/web\/?p=22912"},"modified":"2022-08-06T11:13:06","modified_gmt":"2022-08-06T09:13:06","slug":"el-dilluns-8-dagost-sobrira-el-sobre-unic-de-les-empreses-que-shan-presentat-a-la-licitacio-del-servei-de-bar-de-la-festa-major","status":"publish","type":"post","link":"https:\/\/bisbalpenedes.com\/web\/2022\/08\/06\/el-dilluns-8-dagost-sobrira-el-sobre-unic-de-les-empreses-que-shan-presentat-a-la-licitacio-del-servei-de-bar-de-la-festa-major\/","title":{"rendered":"El dilluns 8 d&#8217;agost s&#8217;obrir\u00e0 el sobre \u00fanic de les empreses que s&#8217;han presentat a la licitaci\u00f3 del servei de bar de la Festa Major"},"content":{"rendered":"\n<p>El proper dilluns 8 d&#8217;agost, a les 12h, la sala de plens acollir\u00e0 l&#8217;obertura del sobre \u00fanic de les 3 empreses que s&#8217;han presentat a la licitaci\u00f3 del servei de bar de la Festa Major. Aquest acte ser\u00e0 obert a l&#8217;assist\u00e8ncia de p\u00fablic.<\/p>\n\n\n\n<p>Aquest divendres, a les 14h, ha finalitzat el termini per presentar-s&#8217;hi.&nbsp;<\/p>\n\n\n\n<p>El bar estar\u00e0 obert del divendres 12 al dimecres 17 d&#8217;agost.<\/p>\n\n\n\n<hr class=\"wp-block-separator has-alpha-channel-opacity\"\/>\n\n\n\n<p>El pr\u00f3ximo lunes 8 de agosto, a las 12h, la sala de plenos acoger\u00e1 la apertura del sobre \u00fanico de las 3 empresas que se han presentado a la licitaci\u00f3n del servicio de bar de la Fiesta Mayor. Este acto estar\u00e1 abierto a la asistencia de p\u00fablico.&nbsp;<\/p>\n\n\n\n<p>Este viernes, a las 14h, ha finalizado el plazo para presentarse.&nbsp;<\/p>\n\n\n\n<p>El bar estar\u00e1 abierto del viernes 12 al mi\u00e9rcoles 17 de agosto.<\/p>\n","protected":false},"excerpt":{"rendered":"<p>El proper dilluns 8 d&#8217;agost, a les 12h, la sala de plens acollir\u00e0 l&#8217;obertura del sobre \u00fanic de les 3 empreses que s&#8217;han presentat a la licitaci\u00f3 del servei de &hellip; <a href=\"https:\/\/bisbalpenedes.com\/web\/2022\/08\/06\/el-dilluns-8-dagost-sobrira-el-sobre-unic-de-les-empreses-que-shan-presentat-a-la-licitacio-del-servei-de-bar-de-la-festa-major\/\" class=\"more-link\">Read More<\/a><\/p>\n","protected":false},"author":4,"featured_media":22913,"comment_status":"closed","ping_status":"closed","sticky":false,"template":"","format":"standard","meta":[],"categories":[2161,4668,3278,8],"tags":[280,393],"_links":{"self":[{"href":"https:\/\/bisbalpenedes.com\/web\/wp-json\/wp\/v2\/posts\/22912"}],"collection":[{"href":"https:\/\/bisbalpenedes.com\/web\/wp-json\/wp\/v2\/posts"}],"about":[{"href":"https:\/\/bisbalpenedes.com\/web\/wp-json\/wp\/v2\/types\/post"}],"author":[{"embeddable":true,"href":"https:\/\/bisbalpenedes.com\/web\/wp-json\/wp\/v2\/users\/4"}],"replies":[{"embeddable":true,"href":"https:\/\/bisbalpenedes.com\/web\/wp-json\/wp\/v2\/comments?post=22912"}],"version-history":[{"count":2,"href":"https:\/\/bisbalpenedes.com\/web\/wp-json\/wp\/v2\/posts\/22912\/revisions"}],"predecessor-version":[{"id":22915,"href":"https:\/\/bisbalpenedes.com\/web\/wp-json\/wp\/v2\/posts\/22912\/revisions\/22915"}],"wp:featuredmedia":[{"embeddable":true,"href":"https:\/\/bisbalpenedes.com\/web\/wp-json\/wp\/v2\/media\/22913"}],"wp:attachment":[{"href":"https:\/\/bisbalpenedes.com\/web\/wp-json\/wp\/v2\/media?parent=22912"}],"wp:term":[{"taxonomy":"category","embeddable":true,"href":"https:\/\/bisbalpenedes.com\/web\/wp-json\/wp\/v2\/categories?post=22912"},{"taxonomy":"post_tag","embeddable":true,"href":"https:\/\/bisbalpenedes.com\/web\/wp-json\/wp\/v2\/tags?post=22912"}],"curies":[{"name":"wp","href":"https:\/\/api.w.org\/{rel}","templated":true}]}}