{"id":22887,"date":"2022-08-03T22:47:53","date_gmt":"2022-08-03T20:47:53","guid":{"rendered":"https:\/\/bisbalpenedes.com\/web\/?p=22887"},"modified":"2022-08-03T22:58:31","modified_gmt":"2022-08-03T20:58:31","slug":"el-passat-divendres-29-de-juliol-va-tenir-lloc-la-comissio-especial-de-comptes-de-lexercici-2021-els-comptes-estan-sanejats-amb-deute-zero","status":"publish","type":"post","link":"https:\/\/bisbalpenedes.com\/web\/2022\/08\/03\/el-passat-divendres-29-de-juliol-va-tenir-lloc-la-comissio-especial-de-comptes-de-lexercici-2021-els-comptes-estan-sanejats-amb-deute-zero\/","title":{"rendered":"El passat divendres 29 de juliol va tenir lloc la Comissi\u00f3 Especial de Comptes de l\u2019Exercici 2021 \u2013 &#8220;Els comptes estan sanejats amb deute zero&#8221;"},"content":{"rendered":"\n<p>El passat divendres 29 de juliol, al mat\u00ed, va tenir lloc la Comissi\u00f3 Especial de Comptes de l\u2019Exercici 2021 amb l\u2019objectiu d\u2019examinar, estudiar i informar del Compte General anual del Pressupost de l\u2019Ajuntament de la Bisbal del Pened\u00e8s en compliment d\u2019all\u00f2 que disposa la Llei i el ROM. La Comissi\u00f3 de Comptes es va convocar l\u20191 de juliol i, des del 4 de juliol, tots els membres d\u2019aquesta -els regidors i regidores de cada grup pol\u00edtic amb representaci\u00f3 al Consistori, amb vot ponderat- han tingut acc\u00e9s a la documentaci\u00f3 per estudiar-la i poder consultar-la i plantejar dubtes. Aix\u00ed, els regidors i les regidores han tingut 26 dies per consultar la documentaci\u00f3 i l\u2019expedient.<\/p>\n\n\n\n<p>La Comissi\u00f3 Especial de Comptes est\u00e0 integrada per un membre de cada grup pol\u00edtic de la Corporaci\u00f3 amb vot ponderat:<\/p>\n\n\n\n<ul><li>Feliu Gil en representaci\u00f3 de Comprom\u00eds amb la Bisbal (6 vots ponderats)<\/li><li>Daniel Caballero en representaci\u00f3 del PSC (2 vots ponderats)<\/li><li>Xavier Faura en representaci\u00f3 d\u2019Units per la Bisbal-FIC (1 vot ponderat)<\/li><li>Maguy Antol\u00edn en representaci\u00f3 d\u2019Ara la Bisbal (1 vot ponderat)<\/li><li>S\u00edlvia Monfort en representaci\u00f3 d\u2019ERC-AM (1 vot ponderat)<\/li><\/ul>\n\n\n\n<p>De la Comissi\u00f3 tamb\u00e9 en prenen part l\u2019alcaldessa Agn\u00e8s Ferr\u00e9 com a presidenta, la secret\u00e0ria i la interventora municipal.<\/p>\n\n\n\n<p><strong>La Comissi\u00f3 de Comptes aprova el Compte General de l\u2019exercici 2021<\/strong><\/p>\n\n\n\n<p>La Comissi\u00f3 Especial de Comptes va aprovar el Compte General de l\u2019exercici 2021 amb 6 vots ponderats a favor de Comprom\u00eds amb la Bisbal, 2 vots ponderats d&#8217;abstenci\u00f3 del PSC, 1 vot ponderat en contra d\u2019Units per la Bisbal-FIC, 1 vot ponderat en contra d\u2019Ara la Bisbal i 1 vot ponderat en contra d\u2019ERC-AM. Per tant, el compte General de l\u2019exercici 2021 s\u2019ha aprovat favorablement i ha quedat justificat.<\/p>\n\n\n\n<p>L\u2019alcaldessa de la Bisbal del Pened\u00e8s, Agn\u00e8s Ferr\u00e9, ha explicat que <\/p>\n\n\n\n<blockquote class=\"wp-block-quote\"><p><em>&#8220;Els comptes estan sanejats, amb deute zero. Del 2015 al 2021, el pressupost ha crescut un 23,5%, els impostos han pujat un 0% i el deute s\u2019ha cancel\u00b7lat. Tot plegat ha suposat passar d\u2019un endeutament de 1.188\u20ac per bisbalenc el 2014 a un endeutament de 0\u20ac per bisbalenc el 31 de desembre de 2021. En 6 anys i mig hem aconseguit un Ajuntament sanejat i sense endeutament. Ho hem aconseguit amb bona gesti\u00f3, amb m\u00e9s serveis i sense apujar impostos\u201d.<\/em><\/p><\/blockquote>\n\n\n\n<p><strong>Liquidaci\u00f3 del pressupost 2021<\/strong><\/p>\n\n\n\n<p>Es liquida el pressupost amb 7.188.458,82\u20ac, perqu\u00e8 s\u2019hi incorporen m\u00e9s de 2,5 milions d\u2019euros en modificaci\u00f3 de cr\u00e8dit, provinents del romanent de tresoreria i el super\u00e0vit de 2020.<\/p>\n\n\n\n<ul><li>Pressupost aprovat inicial: 4.592.408,53\u20ac<\/li><li>Super\u00e0vit pressupostari: 1.334.391,20\u20ac<\/li><\/ul>\n\n\n\n<p>El Compte general del 2021, amb tots els seus documents i annexos, reflecteix fidelment la situaci\u00f3 econ\u00f2mica, financera i patrimonial de l\u2019Ajuntament.<\/p>\n\n\n\n<p>La liquidaci\u00f3 del pressupost 2021 es va aprovar, per Decret d\u2019alcaldia, el 31 de mar\u00e7 de 2022. En el Ple ordinari del 20 de juny de 2022 es va donar compte de l\u2019informe d\u2019Intervenci\u00f3 relatiu al compliment dels objectius d\u2019estabilitat pressupost\u00e0ria de la liquidaci\u00f3.<\/p>\n\n\n\n<p><span style=\"text-decoration: underline;\">L\u2019Ajuntament compleix l\u2019objectiu d\u2019estabilitat pressupost\u00e0ria<\/span><\/p>\n\n\n\n<p>Es compleix perqu\u00e8 l\u2019Ajuntament t\u00e9 super\u00e0vit pressupostari (els ingressos dels cap\u00edtols 1 a 7 del pressupost s\u00f3n suficients per finan\u00e7ar les despeses dels cap\u00edtols 1 a 7 del pressupost, la qual cosa representa una situaci\u00f3 de super\u00e0vit pressupostari) i una capacitat de finan\u00e7ament d\u20191.465.492\u20ac.<\/p>\n\n\n\n<p><span style=\"text-decoration: underline;\">Es compleix l\u2019objectiu de la regla de la despesa<\/span> (situaci\u00f3 en la qual la variaci\u00f3 de la despesa computable no supera la taxa de refer\u00e8ncia de creixement del Producte Interior Brut corresponent a aquest exercici).<\/p>\n\n\n\n<p>A causa de la situaci\u00f3 de pand\u00e8mia per la COVID-19 i seguint les recomanacions de la Comissi\u00f3 Europea, el Consell de Ministres va aprovar la suspensi\u00f3 de la regla de la despesa durant els anys 2020 i 2021. Per\u00f2, aix\u00ed i tot, s\u2019ha calculat i l\u2019Ajuntament de la Bisbal del Pened\u00e8s la compleix.<\/p>\n\n\n\n<p>Coeficient de deute viu del 0% (a final d\u2019any es van amortitzar els pr\u00e9stecs de l\u2019Ajuntament, dels quals quedaven 274.829,54\u20ac per amortitzar)<\/p>\n\n\n\n<p><span style=\"text-decoration: underline;\">L\u2019Ajuntament compleix amb l\u2019objectiu del l\u00edmit de deute p\u00fablic<\/span>, establert en el 110%, d\u2019acord amb normativa vigent.<\/p>\n\n\n\n<p>Es compleix amb aquest objectiu perqu\u00e8 l\u2019import del deute viu total a 31 de desembre de 2021 \u00e9s de 0\u20ac per amortitzar els pr\u00e9stecs pendents a finals d\u2019any.<\/p>\n\n\n\n<p><span style=\"text-decoration: underline;\">L\u2019Ajuntament compleix la regla de la despesa<\/span><\/p>\n\n\n\n<p>Coeficient de deute viu del 0% (a finals d\u2019any es van amortitzar els pr\u00e9stecs de l\u2019Ajuntament, dels quals quedaven 274.829,54\u20ac)<\/p>\n\n\n\n<p>Es liquida el pressupost amb 7.188.458,82\u20ac, perqu\u00e8 s\u2019incorporen m\u00e9s de 2,5 milions d\u2019euros en modificaci\u00f3 de cr\u00e8dit, provinents del romanent de tresoreria i del super\u00e0vit de 2020.<\/p>\n\n\n\n<p>Podeu consultar el Compte General del 2021 al portal de Transpar\u00e8ncia: <a href=\"https:\/\/bisbalpenedes.eadministracio.cat\/dossier.1\">https:\/\/bisbalpenedes.eadministracio.cat\/dossier.1<\/a><\/p>\n\n\n\n<p>Tamb\u00e9 es pot consultar a l\u2019Ajuntament, de forma presencial, durant un termini de quinze dies h\u00e0bils a comptar des de l\u2019endem\u00e0 de la publicaci\u00f3 de l\u2019Edicte. Pr\u00e8viament, s\u2019ha publicat l\u2019anunci al tauler de la seu electr\u00f2nica de l\u2019Ajuntament de la Bisbal del Pened\u00e8s. Durant el per\u00edode d\u2019exposici\u00f3 p\u00fablica es podran presentar reclamacions, objeccions i observacions i, aquestes, hauran de ser examinades per la Comissi\u00f3, pr\u00e8via pr\u00e0ctica de les comprovacions oportunes, per a l\u2019emissi\u00f3 d\u2019un nou informe que seria elevat, juntament amb les objeccions, reclamacions o observacions formulades, al Ple de la Corporaci\u00f3 Municipal.<\/p>\n\n\n\n<p>Val a dir que els membres de l\u2019Auditoria Ciutadana podien assistir a la Comissi\u00f3 de Comptes com a oients i consultar, els dies previs, la documentaci\u00f3 a l\u2019Ajuntament. La reuni\u00f3 amb els membres d\u2019aquesta va tenir lloc el 12 de juliol i va comptar amb l\u2019assist\u00e8ncia de tres de les deu persones convidades. No obstant aix\u00f2, les deu estaven convidats a assistir a la Comissi\u00f3 de Comptes. Finalment, la comissi\u00f3 va comptar amb l\u2019assist\u00e8ncia -com a oient- d\u2019un dels membres de l\u2019Auditoria Ciutadana.<\/p>\n\n\n\n<hr class=\"wp-block-separator has-alpha-channel-opacity\"\/>\n\n\n\n<p><strong>CASTELLANO |<\/strong> El pasado viernes 29 de julio, por la ma\u00f1ana, tuvo lugar la Comisi\u00f3n Especial de Cuentas del Ejercicio 2021 con el objetivo de examinar, estudiar e informar de la cuenta General anual del Presupuesto del Ayuntamiento de la Bisbal del Pened\u00e8s en cumplimiento de aquello que dispone la Ley y el ROM. La Comisi\u00f3n de Cuentas se convoc\u00f3 el 1 de julio y, desde el 4 de julio, todos los miembros de esta -los concejales y concejalas de cada grupo pol\u00edtico con representaci\u00f3n en el Consistorio, con voto ponderado- han tenido acceso a la documentaci\u00f3n para estudiarla y poder consultarla y plantear dudas. As\u00ed, los concejales y concejalas han tenido 26 d\u00edas para consultar la documentaci\u00f3n y el expediente.<\/p>\n\n\n\n<p>La Comisi\u00f3n Especial de Cuentas est\u00e1 integrada por un miembro de cada grupo pol\u00edtico de la Corporaci\u00f3n con voto ponderado:<\/p>\n\n\n\n<ul><li>Feliu Gil en representaci\u00f3n de Comprom\u00eds amb la Bisbal (6 votos ponderados)<\/li><li>Daniel Caballero en representaci\u00f3n del PSC (2 votos ponderados)<\/li><li>Xavier Faura en representaci\u00f3n de Units per la Bisbal-FIC (1 voto ponderado)<\/li><li>Maguy Antol\u00edn en representaci\u00f3n de Ara la Bisbal (1 voto ponderado)<\/li><li>S\u00edlvia Monfort en representaci\u00f3n de ERC-AM (1 voto ponderado)<\/li><\/ul>\n\n\n\n<p>De la Comisi\u00f3n tambi\u00e9n toman parte la alcaldesa Agn\u00e8s Ferr\u00e9 como presidenta, la secretaria y la interventora municipal.<\/p>\n\n\n\n<p><strong>La Comisi\u00f3n de Cuentas aprueba la Cuenta General del ejercicio 2021<\/strong><\/p>\n\n\n\n<p>La Comisi\u00f3n Especial de Cuentas aprob\u00f3 la Cuenta General del ejercicio 2021 con 6 votos ponderados a favor de Comprom\u00eds amb la Bisbal, 2 votos ponderados de abstenci\u00f3n del PSC, 1 voto ponderado en contra de Units per la Bisbal-FIC, 1 voto ponderado en contra de Ara la Bisbal y 1 voto ponderado en contra de ERC-AM. Por tanto, la cuenta General del ejercicio 2021 se ha aprobado favorablemente y ha quedado justificada.<\/p>\n\n\n\n<p>La alcaldesa de la Bisbal del Pened\u00e8s, Agn\u00e8s Ferr\u00e9, ha explicado que: <\/p>\n\n\n\n<blockquote class=\"wp-block-quote\"><p><em>\u201cLas cuentas est\u00e1n saneadas, con deuda cero. Del 2015 al 2021, el presupuesto ha crecido un 23,5%, los impuestos han subido un 0% y la deuda se ha cancelado. Todo ello ha supuesto pasar de un endeudamiento de 1.188\u20ac por bisbalense el 2014 a un endeudamiento de 0\u20ac por bisbalense el 31 de diciembre de 2021. En 6 a\u00f1os y medio hemos conseguido un Ayuntamiento saneado y sin endeudamiento. Lo hemos conseguido con buena gesti\u00f3n, con m\u00e1s servicios y sin subir impuestos\u201d.<\/em><\/p><p><strong>Liquidaci\u00f3n del presupuesto 2021<\/strong><\/p><\/blockquote>\n\n\n\n<p>Se liquida el presupuesto con 7.188.458,82\u20ac, porque se incorporan m\u00e1s de 2,5 millones de euros en modificaci\u00f3n de cr\u00e9dito, provenientes del remanente de tesorer\u00eda i el super\u00e1vit del 2020.<\/p>\n\n\n\n<ul><li>Presupuesto aprobado inicial: 4.592.408,53\u20ac<\/li><li>Super\u00e1vit presupuestario: 1.334.391,20\u20ac<\/li><\/ul>\n\n\n\n<p>La Cuenta General del 2021, con todos sus documentos y anexos, refleja fielmente la situaci\u00f3n econ\u00f3mica, financiera y patrimonial del Ayuntamiento.<\/p>\n\n\n\n<p>La liquidaci\u00f3n del presupuesto 2021 se aprob\u00f3, por Decreto de alcald\u00eda, el 31 de marzo de 2022. En el Pleno ordinario del 20 de junio de 2022 se dio cuenta del informe de Intervenci\u00f3n relativo al cumplimiento de los objetivos de estabilidad presupuestaria de la liquidaci\u00f3n.<\/p>\n\n\n\n<p><span style=\"text-decoration: underline;\">El Ayuntamiento cumple el objetivo de estabilidad presupuestaria<\/span><\/p>\n\n\n\n<p>Se cumple porque el Ayuntamiento tiene super\u00e1vit presupuestario (los ingresos de los cap\u00edtulos 1 al 7 del presupuesto son suficientes para financiar los gastos de los cap\u00edtulos 1 a 7 del presupuesto, la cual cosa representa una situaci\u00f3n de super\u00e1vit presupuestario) y una capacidad de financiaci\u00f3n de 1.465.492\u20ac.<\/p>\n\n\n\n<p><span style=\"text-decoration: underline;\">Se cumple el objetivo de la regla del gasto <\/span>(situaci\u00f3n en la que la variaci\u00f3n del gasto computable no supera la tasa de referencia de crecimiento del Producto Interior Bruto correspondiente a este ejercicio).<\/p>\n\n\n\n<p>A causa de la situaci\u00f3n de pandemia de la COVID-19 y siguiendo las recomendaciones de la Comisi\u00f3n Europea, el Consejo de Ministros aprob\u00f3 la suspensi\u00f3n de la regla del gasto durante los a\u00f1os 2020 y 2021. Pero, aun as\u00ed, se ha calculado y el Ayuntamiento de la Bisbal del Pened\u00e8s la cumple.<\/p>\n\n\n\n<p>Coeficiente de deuda viva del 0% (a finales de a\u00f1o se amortizaron los pr\u00e9stamos del Ayuntamiento, de los que quedaban 274.829,54\u20ac por amortizar)<\/p>\n\n\n\n<p><span style=\"text-decoration: underline;\">El Ayuntamiento cumple con el objetivo del l\u00edmite de deuda p\u00fablica<\/span> establecida en el 110%, de acuerdo con la normativa vigente.<\/p>\n\n\n\n<p>Se cumple con este objetivo porque el importe de la deuda viva total a 31 de diciembre de 2021 es de 0\u20ac para amortizar los pr\u00e9stamos pendientes a finales de a\u00f1o.<\/p>\n\n\n\n<p><span style=\"text-decoration: underline;\">El Ayuntamiento cumple con la regla del gasto<\/span><\/p>\n\n\n\n<p>Coeficiente de deuda viva del 0% (a finales de a\u00f1o se amortizaron los pr\u00e9stamos del Ayuntamiento, de los que quedaban 274.829,54\u20ac)).<\/p>\n\n\n\n<p>Se liquida el presupuesto con 7.188.458,82\u20ac, porque se incorporan m\u00e1s de 2,5 millones de euros en modificaci\u00f3n de cr\u00e9dito, provenientes del remanente de tesorer\u00eda y del super\u00e1vit de 2020.<\/p>\n\n\n\n<p>Pod\u00e9is consultar la Cuenta general del 2021 en el Portal de Transparencia: <a href=\"https:\/\/bisbalpenedes.eadministracio.cat\/dossier.1\">https:\/\/bisbalpenedes.eadministracio.cat\/dossier.1<\/a><\/p>\n\n\n\n<p>Tambi\u00e9n se puede consultar en el Ayuntamiento, de forma presencial, durante un plazo de quince d\u00edas h\u00e1biles a contar desde el d\u00eda siguiente de la publicaci\u00f3n del Edicto. Previamente, se ha publicado el anuncio en el tabl\u00f3n de la sede electr\u00f3nica del Ayuntamiento de la Bisbal del Pened\u00e8s. Durante el periodo de exposici\u00f3n p\u00fablica se podr\u00e1n presentar reclamaciones, objeciones y observaciones y, estas, deber\u00e1n ser examinadas por la Comisi\u00f3n, previa pr\u00e1ctica de las comprobaciones oportunas, para la emisi\u00f3n de un nuevo informe que ser\u00eda elevado, junto con las objeciones, reclamaciones u observaciones formuladas, al Pleno de la Corporaci\u00f3n Municipal.<\/p>\n\n\n\n<p>Cabe decir que los miembros de la Auditor\u00eda Ciudadana pod\u00edan asistir a la Comisi\u00f3n de Cuentas como oyentes y consultar, los d\u00edas previos, la documentaci\u00f3n en el Ayuntamiento. La reuni\u00f3n con los miembros de esta tuvo lugar el 12 de julio y cont\u00f3 con la asistencia de tres de las nueve personas invitadas. No obstante, las diez estaban invitadas a asistir a la Comisi\u00f3n de Cuentas. Finalmente, la comisi\u00f3n cont\u00f3 con la asistencia -como oyente- de uno de los miembros de la Auditor\u00eda Ciudadana.<\/p>\n","protected":false},"excerpt":{"rendered":"<p>El passat divendres 29 de juliol, al mat\u00ed, va tenir lloc la Comissi\u00f3 Especial de Comptes de l\u2019Exercici 2021 amb l\u2019objectiu d\u2019examinar, estudiar i informar del Compte General anual del &hellip; <a href=\"https:\/\/bisbalpenedes.com\/web\/2022\/08\/03\/el-passat-divendres-29-de-juliol-va-tenir-lloc-la-comissio-especial-de-comptes-de-lexercici-2021-els-comptes-estan-sanejats-amb-deute-zero\/\" class=\"more-link\">Read More<\/a><\/p>\n","protected":false},"author":4,"featured_media":22888,"comment_status":"closed","ping_status":"closed","sticky":false,"template":"","format":"standard","meta":[],"categories":[3835,8],"tags":[2074,459,2077,3941,393],"_links":{"self":[{"href":"https:\/\/bisbalpenedes.com\/web\/wp-json\/wp\/v2\/posts\/22887"}],"collection":[{"href":"https:\/\/bisbalpenedes.com\/web\/wp-json\/wp\/v2\/posts"}],"about":[{"href":"https:\/\/bisbalpenedes.com\/web\/wp-json\/wp\/v2\/types\/post"}],"author":[{"embeddable":true,"href":"https:\/\/bisbalpenedes.com\/web\/wp-json\/wp\/v2\/users\/4"}],"replies":[{"embeddable":true,"href":"https:\/\/bisbalpenedes.com\/web\/wp-json\/wp\/v2\/comments?post=22887"}],"version-history":[{"count":5,"href":"https:\/\/bisbalpenedes.com\/web\/wp-json\/wp\/v2\/posts\/22887\/revisions"}],"predecessor-version":[{"id":22893,"href":"https:\/\/bisbalpenedes.com\/web\/wp-json\/wp\/v2\/posts\/22887\/revisions\/22893"}],"wp:featuredmedia":[{"embeddable":true,"href":"https:\/\/bisbalpenedes.com\/web\/wp-json\/wp\/v2\/media\/22888"}],"wp:attachment":[{"href":"https:\/\/bisbalpenedes.com\/web\/wp-json\/wp\/v2\/media?parent=22887"}],"wp:term":[{"taxonomy":"category","embeddable":true,"href":"https:\/\/bisbalpenedes.com\/web\/wp-json\/wp\/v2\/categories?post=22887"},{"taxonomy":"post_tag","embeddable":true,"href":"https:\/\/bisbalpenedes.com\/web\/wp-json\/wp\/v2\/tags?post=22887"}],"curies":[{"name":"wp","href":"https:\/\/api.w.org\/{rel}","templated":true}]}}