{"id":22878,"date":"2022-08-03T19:14:56","date_gmt":"2022-08-03T17:14:56","guid":{"rendered":"https:\/\/bisbalpenedes.com\/web\/?p=22878"},"modified":"2022-08-03T19:14:56","modified_gmt":"2022-08-03T17:14:56","slug":"aquest-dilluns-1-dagost-sha-celebrat-una-junta-de-govern-extraordinaria-amb-un-punt-amb-competencia-delegada-del-ple","status":"publish","type":"post","link":"https:\/\/bisbalpenedes.com\/web\/2022\/08\/03\/aquest-dilluns-1-dagost-sha-celebrat-una-junta-de-govern-extraordinaria-amb-un-punt-amb-competencia-delegada-del-ple\/","title":{"rendered":"Aquest dilluns 1 d&#8217;agost s&#8217;ha celebrat una Junta de Govern extraordin\u00e0ria amb un punt amb compet\u00e8ncia delegada del Ple"},"content":{"rendered":"\n<p>Aquest dilluns 1 d\u2019agost ha tingut lloc una Junta de govern local extraordin\u00e0ria a l\u2019Ajuntament de la Bisbal del Pened\u00e8s. Una de les propostes de la Junta era amb compet\u00e8ncia del Ple delegada a la Junta de Govern mitjan\u00e7ant acord plenari del 4 de juliol de 2019. \u00c9s la seg\u00fcent:<\/p>\n\n\n\n<ul><li>Expedient 1193\/2022 Adjudicaci\u00f3 provisional de les obres de remodelaci\u00f3 i ampliaci\u00f3 del poliesportiu municipal (fases 1.1 i 1.2), que es correspon a la rehabilitaci\u00f3 del pavell\u00f3 i la construcci\u00f3 dels vestuaris.<\/li><\/ul>\n\n\n\n<p>Les sessions de la Junta de Govern Local no s\u00f3n p\u00fabliques, per\u00f2 quan actua amb compet\u00e8ncies delegades del Ple, la Sessi\u00f3 se sotmet als mateixos requisits de publicitat que les Sessions del Ple, que s\u00f3n p\u00fabliques. Aix\u00ed ho va declarar la STS 161\/2013, de 26 de setembre. Per aquest motiu s\u2019han obert les portes de la Sala de Plens a les 18:20h, per tal que hi pogu\u00e9s assistir p\u00fablic. Tamb\u00e9 es va gravar aquest punt de l\u2019ordre del dia i ara hem publicat el v\u00eddeo per garantir la seva publicitat.<\/p>\n\n\n\n<figure class=\"wp-block-embed is-type-video is-provider-youtube wp-block-embed-youtube wp-embed-aspect-16-9 wp-has-aspect-ratio\"><div class=\"wp-block-embed__wrapper\">\n<iframe loading=\"lazy\" title=\"Proposta de la Junta de Govern local extraordin\u00e0ria de 1 agost 22 amb compet\u00e8ncies delegades del Ple\" width=\"1170\" height=\"658\" src=\"https:\/\/www.youtube.com\/embed\/AKqTvcYq2wg?feature=oembed\" frameborder=\"0\" allow=\"accelerometer; autoplay; clipboard-write; encrypted-media; gyroscope; picture-in-picture\" allowfullscreen><\/iframe>\n<\/div><\/figure>\n\n\n\n<hr class=\"wp-block-separator has-alpha-channel-opacity\"\/>\n\n\n\n<p>Este lunes 1 de agosto ha tenido lugar una Junta de gobierno local extraordinaria en el Ayuntamiento de la Bisbal del Pened\u00e8s. Una de las propuestas de la Junta era con competencia del Pleno delegada a la Junta de Gobierno mediante acuerdo plenario del 4 de julio de 2019. Es la siguiente:<\/p>\n\n\n\n<ul><li>Expediente 1193\/2022 Adjudicaci\u00f3n provisional de las obras de remodelaci\u00f3n y ampliaci\u00f3n del polideportivo municipal (fases 1.1. y 1.2) que se corresponde a la rehabilitaci\u00f3n del pabell\u00f3n y la construcci\u00f3n de vestuarios.<\/li><\/ul>\n\n\n\n<p>Las sesiones de la Junta de Gobierno Local no son p\u00fablicas, pero cuando act\u00faa con competencias delegadas del Pleno, la Sesi\u00f3n se somete a los mismos requisitos de publicidad que las Sesiones del Pleno, que son p\u00fablicas. As\u00ed lo declar\u00f3 la STS 161\/2013, de 26 de septiembre. Por este motivo se han abierto las puertas de la sala de plenos a las 18:20h con tal que pudiese asistir p\u00fablico. Tambi\u00e9n se grab\u00f3 este punto del orden del d\u00eda y ahora hemos publicado el v\u00eddeo para garantizar su publicidad.<\/p>\n","protected":false},"excerpt":{"rendered":"<p>Aquest dilluns 1 d\u2019agost ha tingut lloc una Junta de govern local extraordin\u00e0ria a l\u2019Ajuntament de la Bisbal del Pened\u00e8s. Una de les propostes de la Junta era amb compet\u00e8ncia &hellip; <a href=\"https:\/\/bisbalpenedes.com\/web\/2022\/08\/03\/aquest-dilluns-1-dagost-sha-celebrat-una-junta-de-govern-extraordinaria-amb-un-punt-amb-competencia-delegada-del-ple\/\" class=\"more-link\">Read More<\/a><\/p>\n","protected":false},"author":4,"featured_media":22879,"comment_status":"closed","ping_status":"closed","sticky":false,"template":"","format":"standard","meta":[],"categories":[3085,8],"tags":[5011,4175,686,393,483],"_links":{"self":[{"href":"https:\/\/bisbalpenedes.com\/web\/wp-json\/wp\/v2\/posts\/22878"}],"collection":[{"href":"https:\/\/bisbalpenedes.com\/web\/wp-json\/wp\/v2\/posts"}],"about":[{"href":"https:\/\/bisbalpenedes.com\/web\/wp-json\/wp\/v2\/types\/post"}],"author":[{"embeddable":true,"href":"https:\/\/bisbalpenedes.com\/web\/wp-json\/wp\/v2\/users\/4"}],"replies":[{"embeddable":true,"href":"https:\/\/bisbalpenedes.com\/web\/wp-json\/wp\/v2\/comments?post=22878"}],"version-history":[{"count":1,"href":"https:\/\/bisbalpenedes.com\/web\/wp-json\/wp\/v2\/posts\/22878\/revisions"}],"predecessor-version":[{"id":22880,"href":"https:\/\/bisbalpenedes.com\/web\/wp-json\/wp\/v2\/posts\/22878\/revisions\/22880"}],"wp:featuredmedia":[{"embeddable":true,"href":"https:\/\/bisbalpenedes.com\/web\/wp-json\/wp\/v2\/media\/22879"}],"wp:attachment":[{"href":"https:\/\/bisbalpenedes.com\/web\/wp-json\/wp\/v2\/media?parent=22878"}],"wp:term":[{"taxonomy":"category","embeddable":true,"href":"https:\/\/bisbalpenedes.com\/web\/wp-json\/wp\/v2\/categories?post=22878"},{"taxonomy":"post_tag","embeddable":true,"href":"https:\/\/bisbalpenedes.com\/web\/wp-json\/wp\/v2\/tags?post=22878"}],"curies":[{"name":"wp","href":"https:\/\/api.w.org\/{rel}","templated":true}]}}