{"id":22855,"date":"2022-08-01T18:25:42","date_gmt":"2022-08-01T16:25:42","guid":{"rendered":"https:\/\/bisbalpenedes.com\/web\/?p=22855"},"modified":"2022-08-01T18:30:57","modified_gmt":"2022-08-01T16:30:57","slug":"el-passat-divendres-29-de-juliol-es-va-celebrar-un-ple-extraordinari-a-lajuntament-de-la-bisbal-del-penedes","status":"publish","type":"post","link":"https:\/\/bisbalpenedes.com\/web\/2022\/08\/01\/el-passat-divendres-29-de-juliol-es-va-celebrar-un-ple-extraordinari-a-lajuntament-de-la-bisbal-del-penedes\/","title":{"rendered":"El passat divendres 29 de juliol es va celebrar un Ple extraordinari a l&#8217;Ajuntament de la Bisbal del Pened\u00e8s"},"content":{"rendered":"\n<figure class=\"wp-block-embed is-type-video is-provider-youtube wp-block-embed-youtube wp-embed-aspect-16-9 wp-has-aspect-ratio\"><div class=\"wp-block-embed__wrapper\">\n<iframe loading=\"lazy\" title=\"Ajuntament de la Bisbal del Pened\u00e8s. Ple extraordinari 29 de juliol de 2022\" width=\"1170\" height=\"658\" src=\"https:\/\/www.youtube.com\/embed\/U3o30oTXK_g?feature=oembed\" frameborder=\"0\" allow=\"accelerometer; autoplay; clipboard-write; encrypted-media; gyroscope; picture-in-picture\" allowfullscreen><\/iframe>\n<\/div><\/figure>\n\n\n\n<p>El passat divendres 29 de juliol, a les 13h, es va celebrar un Ple Extraordinari a l&#8217;Ajuntament de la Bisbal del Pened\u00e8s a petici\u00f3 dels regidors dels grups municipals del PSC, Units per la Bisbal-FIC ERC-AM.<\/p>\n\n\n\n<p>S&#8217;hi van tractar els seg\u00fcents punts, tots a petici\u00f3 dels regidors que van sol\u00b7licitar la convocat\u00f2ria del Ple:<\/p>\n\n\n\n<p><strong>1.-<em>\u201cLa Constituci\u00f3 d\u2019una taula de di\u00e0leg formada pels portaveus dels grups municipals del ple amb els representants del Club Segle XX a fi de trobar una soluci\u00f3 pol\u00edtica, elaborada i presentada a iniciativa de ERC, PSC i UniTS-FIC\u201d.<\/em><\/strong><\/p>\n\n\n\n<p><span style=\"text-decoration: underline;\">No es va aprovar<\/span> amb els vots en contra de Comprom\u00eds amb la Bisbal (6) i els vots a favor del PSC (2), Units per la Bisbal-FIC (1), Ara la Bisbal (1) i ERC-AM (1).<\/p>\n\n\n\n<p>Es proposava constituir una comissi\u00f3 de taula de di\u00e0leg que actu\u00e9s &#8220;sobre la q\u00fcesti\u00f3 de la nul\u00b7litat del contracte d&#8217;arrendament, per tal de trobar una soluci\u00f3 alternativa&#8221; i estaria formada per &#8220;l&#8217;alcaldessa, la secret\u00e0ria interventora de l&#8217;Ajuntament o qualsevol altre t\u00e8cnic municipal i 2 representants de l&#8217;entitat Club Segle XX&#8221;.<\/p>\n\n\n\n<p>Es proposava arribar als seg\u00fcents acords:<\/p>\n\n\n\n<p>&#8220;Primer: Aprovar la constituci\u00f3 de la comissi\u00f3 per Taula de di\u00e0leg formada pels portaveus dels grups municipals del ple amb els representants del Club Segle XX a fi de trobar una soluci\u00f3 pol\u00edtica.<\/p>\n\n\n\n<p>Segon:<strong> <\/strong>Emetre notificaci\u00f3 a l\u2019entitat de la resoluci\u00f3 adoptada en aquest ple i sol\u00b7licitar la designaci\u00f3 de dos representants per assistir a la comissi\u00f3 en el termini m\u00e0xim de 5 dies h\u00e0bils a comptar des de la data d\u2019aprovaci\u00f3.<\/p>\n\n\n\n<p>Tercer: Convocar reuni\u00f3 de la primera sessi\u00f3 de la comissi\u00f3 dintre dels seg\u00fcents 15 dies h\u00e0bils a la resoluci\u00f3 adoptada en aquest ple i notificar-ho als representants designats pel Club Segle XX&#8221;.<\/p>\n\n\n\n<p><strong>2.-<em>\u201dAprovaci\u00f3 de l\u2019Ordenan\u00e7a municipal sobre soroll i vibracions, elaborada i presentada a iniciativa d\u2019ERC\u201d.<\/em><\/strong><\/p>\n\n\n\n<p><span style=\"text-decoration: underline;\">No es va aprovar<\/span> amb els vots en contra de Comprom\u00eds amb la Bisbal (6) i els vots a favor del PSC (2), Units per la Bisbal-FIC (1), Ara la Bisbal (1) i ERC-AM (1).<\/p>\n\n\n\n<p>El segon punt de la petici\u00f3 de Ple extraordinari&nbsp; proposava aprovar l&#8217;ordenan\u00e7a municipal sobre sorolls i vibracions i donar compte de l&#8217;acord adoptat als \u00f2rgans supramunicipals corresponents.<\/p>\n\n\n\n<p>El dimarts 26 de juliol es va convocar el Ple extraordinari i, en l&#8217;expedient d&#8217;aquesta proposta, s&#8217;inclo\u00efa un informe de secretaria -realitzat a petici\u00f3 de l&#8217;alcaldessa- sobre la proposta. El 27 de juliol, els regidors i regidora que sol\u00b7licitaven el Ple extraordinari van entrar, mitjan\u00e7ant el registre, les seg\u00fcents esmenes a la proposta:<\/p>\n\n\n\n<p>&#8220;Que es modifiquin els acords a aprovar:<\/p>\n\n\n\n<p>PRIMER. Aprovaci\u00f3 inicial Ordenan\u00e7a municipal sobre soroll i vibracions en els termes que figuren l\u2019expedient (annex)<\/p>\n\n\n\n<p>SEGON. Sotmetre a informaci\u00f3 p\u00fablica i audi\u00e8ncia dels interessats per un termini de 30 dies mitjan\u00e7ant anunci publicat al butllet\u00ed oficial de la prov\u00edncia de Tarragona, el diari oficial de la Generalitat de Catalunya, en un dels mitjans de comunicaci\u00f3 escrita di\u00e0ria i al tauler d\u2019anuncis de la corporaci\u00f3, perqu\u00e8 aquests puguin examinar l\u2019expedient i formular les reclamacions i suggeriments que estimin permanents. Aix\u00ed mateix estar\u00e0 a disposici\u00f3 dels interessats a la seu electr\u00f2nica d\u2019aquest ajuntament.<\/p>\n\n\n\n<p>De no presentar-se reclamacions o suggeriments en el termini esmentat es considerar\u00e0 aprovat definitivament sense necessitat d\u2019acord expr\u00e9s pel ple.<\/p>\n\n\n\n<p>TERCER. Publicar l\u2019acord d\u2019aprovaci\u00f3 definitiva, juntament amb el text \u00edntegre d\u2019ordenan\u00e7a, per al seu general coneixement al butllet\u00ed oficial de la prov\u00edncia de Tarragona, al tauler d\u2019anuncis i a la seu<br>electr\u00f2nica d\u2019aquest ajuntament.<\/p>\n\n\n\n<p>QUART. Remetre a l\u2019administraci\u00f3 de l\u2019estat i al departament corresponent de la comunitat aut\u00f2noma, en el termini de 15 dies la certificaci\u00f3 que acrediti la elevaci\u00f3 definitiva de l\u2019aprovaci\u00f3 inicial, aix\u00ed com c\u00f2pia \u00edntegra autenticada.<\/p>\n\n\n\n<p>CINQU\u00c9. Facultar a la Sra. Alcaldessa, per subscriure i signar tota classe de documents relacionats amb aquest assumpte&#8221;.<\/p>\n\n\n\n<p>L&#8217;alcaldessa de la Bisbal del Pened\u00e8s, Agn\u00e8s Ferr\u00e9, va sol\u00b7licitar que la proposta qued\u00e9s sobre la taula, comprometent-se a publicar una consulta p\u00fablica la setmana seg\u00fcent, ja que, segons l&#8217;informe de secretaria sobre la proposta, <em>&#8220;l&#8217;apartat tercer de l&#8217;informe diu que, abans de l&#8217;elaboraci\u00f3 d&#8217;un reglament o una Ordenan\u00e7a, s&#8217;ha de fer la Consulta P\u00fablica a trav\u00e9s del web de l&#8217;Ajuntament, recollir l&#8217;opini\u00f3 i propostes de la ciutadania. La consulta p\u00fablica no cal fer-la quan la proposta de reglament o ordenan\u00e7a no t\u00e9 un impacte significatiu en l&#8217;activitat econ\u00f2mica, no imposa obligacions rellevants als destinataris o regula aspectes parcials d&#8217;una mat\u00e8ria. Per\u00f2 en el cas de la proposta de reglament d&#8217;ordenan\u00e7a municipal sobre sorolls i vibracions, s\u00ed s&#8217;ha de fer.<\/em><\/p>\n\n\n\n<p><em>Per tot aix\u00f2, aquest dilluns 1 d&#8217;agost s&#8217;inicia una consulta p\u00fablica per iniciar el procediment per, posteriorment, poder aprovar l&#8217;ordenan\u00e7a&#8221;.<\/em><\/p>\n\n\n\n<p><\/p>\n\n\n\n<p><strong>3.- <\/strong><em>&nbsp;<strong>\u201cAprovaci\u00f3 MOCI\u00d3 Pel suport municipal als&nbsp; ciutadans davant dels talls d\u2019aigua. Elaborada i presenta a iniciativa del ERC, PSC i UniTS-FIC\u201d.<\/strong><\/em><\/p>\n\n\n\n<p><span style=\"text-decoration: underline;\">Es va aprovar per unanimitat<\/span> la:<\/p>\n\n\n\n<p>&#8220;Moci\u00f3 de suport a les persones del municipi que en algun moment s\u2019han trobat o es troben sense subministrament d\u2019aigua, per problemes en la xarxa de subministrament.<\/p>\n\n\n\n<p>Davant talls superiors a les 8 hores ininterrompudes, l\u2019ajuntament es compromet a:<\/p>\n\n\n\n<p>Contractar el servei de subministrament d\u2019aigua potable mitjan\u00e7ant camions cisterna.<\/p>\n\n\n\n<p>Disposar del servei dels agents d\u2019informaci\u00f3, per apropar les garrafes d\u2019aigua a la gent gran o persones de mobilitat de redu\u00efda.<\/p>\n\n\n\n<p>Habilitar instal\u00b7lacions municipals, per oferir un espai per la dutxa i higiene dels bisbalencs\/ques afectats&#8221;.<\/p>\n\n\n\n<p>Els acords aprovats s\u00f3n:<\/p>\n\n\n\n<p>PRIMER. Aprovar la moci\u00f3.<\/p>\n\n\n\n<p>SEGON. Donar compte de l\u2019acord adoptat a les diferents entitats municipals i associacions de ve\u00efns.<\/p>\n\n\n\n<hr class=\"wp-block-separator has-alpha-channel-opacity\"\/>\n\n\n\n<p><strong>CASTELLANO<\/strong><\/p>\n\n\n\n<p>El pasado viernes 29 de julio, a las 13h, se celebr\u00f3 un Pleno Extraordinario en el Ayuntamiento de la Bisbal del Pened\u00e8s a petici\u00f3n de los concejales de los grupos municipales del PSC, Units per la Bisbal-FIC y ERC-AM.<\/p>\n\n\n\n<p>Se trataron los siguientes puntos, todos a petici\u00f3n de los concejales que solicitaron la convocatoria del Pleno.<\/p>\n\n\n\n<p><strong>1.-&#8220;La Constituci\u00f3n de una mesa de di\u00e1logo formada por los portavoces de los grupos municipales del pleno con los representantes del Club Siglo XX a fin de encontrar una soluci\u00f3n pol\u00edtica, elaborada y presentada a iniciativa de ERC, PSC y UniTS-FIC&#8221;.<\/strong><\/p>\n\n\n\n<p><span style=\"text-decoration: underline;\">No se aprob\u00f3 <\/span>con los votos en contra de Comprom\u00eds amb la Bisbal (6) y los votos a favor del PSC (2), Units per la Bisbal-FIC (1), Ara la Bisbal (1) y ERC-AM (1).<\/p>\n\n\n\n<p>Se propon\u00eda constituir una comisi\u00f3n de mesa de di\u00e1logo que actuase &#8220;sobre la cuesti\u00f3n de la nulidad del contrato de arrendamiento, con tal de encontrar una soluci\u00f3n alternativa&#8221; y estar\u00eda formada por &#8220;la alcaldesa, la secretaria interventora del Ayuntamiento o cualquier otro t\u00e9cnico municipal y 2 representantes de la entidad Club Siglo XX&#8221;.<\/p>\n\n\n\n<p>Se propon\u00eda llegar a los siguientes acuerdos:<\/p>\n\n\n\n<p>&#8220;Primero: Aprobar la constituci\u00f3n de la comisi\u00f3n por Mesa de di\u00e1logo formada por los portavoces de los grupos municipales del pleno con sus representantes del Club Siglo XX a fin de encontrar una soluci\u00f3n pol\u00edtica.<\/p>\n\n\n\n<p>Segundo: Emitir notificaci\u00f3n a la entidad de la resoluci\u00f3n adoptada en este pleno y solicitar la designaci\u00f3n de dos representantes para asistir a la comisi\u00f3n en el plazo m\u00e1ximo de 5 d\u00edas h\u00e1biles a contar desde la fecha de aprobaci\u00f3n.<\/p>\n\n\n\n<p>Tercero: Convocar reuni\u00f3n de la primera sesi\u00f3n de la comisi\u00f3n dentro de los siguientes 15 d\u00edas h\u00e1biles a la resoluci\u00f3n adoptada en este pleno y notific\u00e1rselo a los representantes designados por el Club Siglo XX&#8221;.<\/p>\n\n\n\n<p><\/p>\n\n\n\n<p><strong>2.-Aprobaci\u00f3n de la Ordenanza municipal sobre ruido y vibraciones elaborada y presentada a petici\u00f3n de ERC&#8221;.<\/strong><\/p>\n\n\n\n<p><span style=\"text-decoration: underline;\">No se aprob\u00f3<\/span> con los votos en contra de Comprom\u00eds amb la Bisbal (6), y los votos a favor del PSC (2), Units per la Bisbal-FIC (1), Ara la Bisbal (1) y ERC-AM (1).<\/p>\n\n\n\n<p>El segundo punto de la petici\u00f3n del Pleno extraordinario propon\u00eda aprobar la ordenanza municipal sobre ruidos y vibraciones y dar cuenta del acuerdo adoptado a los \u00f3rganos supramunicipales correspondientes.<\/p>\n\n\n\n<p>El martes 26 de julio se convoc\u00f3 el Pleno extraordinario y, en el expediente de esta propuesta, se inclu\u00eda un informe de secretar\u00eda -realizado a petici\u00f3n de la alcaldesa sobre la propuesta. El 27 de julio, los concejales y concejala que solicitaban el Pleno extraordinario entraron, mediante el registro, las siguientes enmiendas a la propuesta:<\/p>\n\n\n\n<p>&#8220;Que se modifiquen los acuerdos a aprobar:<\/p>\n\n\n\n<p>PRIMERO. Aprobaci\u00f3n inicial Ordenanza municipal sobre ruido y vibraciones en los t\u00e9rminos que figuran en el expediente (anexo)<\/p>\n\n\n\n<p>SEGUNDO. Someter a informaci\u00f3n p\u00fablica y audiencia de los interesados por un plazo de 30 d\u00edas mediante anuncio publicado en el bolet\u00edn oficial de la provincia de Tarragona, el diario oficial de la Generalitat de Catalunya, en uno de los medios de comunicaci\u00f3n escrita diaria y en el tabl\u00f3n de anuncios de la corporaci\u00f3n, para que estos puedan examinar el expediente y formular las reclamaciones y sugerencias que estimen permanentes. As\u00ed mismo estar\u00e1 a disposici\u00f3n de los interesados en la sede electr\u00f3nica de este ayuntamiento.<\/p>\n\n\n\n<p>De no presentarse reclamaciones o sugerencias en el citado plazo, se considerar\u00e1 aprobado definitivamente sin necesidad de acuerdo expreso por el pleno.<\/p>\n\n\n\n<p>TERCERO. Publicar el acuerdo de aprobaci\u00f3n definitiva, junto con el texto \u00edntegro de ordenanza, para su general conocimiento en el bolet\u00edn oficial de la provincia de Tarragona, en el tabl\u00f3n de anuncios y en la sede electr\u00f3nica de este ayuntamiento.<\/p>\n\n\n\n<p>CUARTO. Remitir a la administraci\u00f3n del estado y al departamento correspondiente de la comunidad aut\u00f3noma, en el plazo de 15 d\u00edas la certificaci\u00f3n que acredite la elevaci\u00f3n definitiva de la aprobaci\u00f3n inicial, as\u00ed como copia \u00edntegra autentificada.<\/p>\n\n\n\n<p>QUINTO. Facultar a la Sra. Alcaldesa, para suscribir y firmar toda clase de documentos relacionados con este asunto&#8221;.<\/p>\n\n\n\n<p>La alcaldesa de la Bisbal del Pened\u00e8s, Agn\u00e8s Ferr\u00e9, solicit\u00f3 que la propuesta quedase sobre la mesa, comprometi\u00e9ndose a publicar una consulta p\u00fablica la semana siguiente, ya que, seg\u00fan el informe de la secretar\u00eda sobre la propuesta,<em> &#8220;el apartado tercero del informe dice que antes de la elaboraci\u00f3n de un reglamento o una Ordenanza, se tiene que hacer la Consulta P\u00fablica a trav\u00e9s de la web del Ayuntamiento, recoger la opini\u00f3n y propuestas de la ciudadan\u00eda. La consulta p\u00fablica no es necesario hacerla cuando la propuesta de reglamento u ordenanza no tiene un impacto significativo en la actividad econ\u00f3mica, no impone obligaciones relevantes a los destinatarios o regula aspectos parciales de alguna materia. Pero en el caso de la propuesta de reglamento de ordenanza municipal sobre ruidos y vibraciones, s\u00ed que se tiene que hacer.<\/em><\/p>\n\n\n\n<p><em>Por todo ello, este lunes 1 de agosto se inicia una consulta p\u00fablica para iniciar el procedimiento para, posteriormente, poder aprobar la orde<\/em>nanza&#8221;.<\/p>\n\n\n\n<p><strong>3.-&#8220;Aprobaci\u00f3n MOCI\u00d3N Por el apoyo municipal a los ciudadanos ante los cortes de agua. Elaborada y presentada a iniciativa de ERC, PSC y UniTS-FIC&#8221;.<\/strong><\/p>\n\n\n\n<p><span style=\"text-decoration: underline;\">Se aprob\u00f3 por unanimidad<\/span> la:<\/p>\n\n\n\n<p>&#8220;Moci\u00f3n de apoyo a las personas del municipio que en alg\u00fan momento se han encontrado o se encuentran sin suministro de agua, por problemas en la red de suministro.<\/p>\n\n\n\n<p>Ante los cortes superiores a las 8 horas ininterrumpidas, el ayuntamiento se compromete a:<\/p>\n\n\n\n<p>Contratar el servicio de suministro de agua potable mediante camiones cisterna.<\/p>\n\n\n\n<p>Disponer del servicio de los agentes de informaci\u00f3n, para acercar las garrafas de agua a la gente mayor o a personas de movilidad reducida.<\/p>\n\n\n\n<p>Habilitar instalaciones municipales, para ofrecer un espacio para la ducha e higiene de los <em>bisbalencs<\/em> y <em>bisbalenques<\/em> afectados&#8221;.<\/p>\n\n\n\n<p>Los acuerdos aprobados son:<\/p>\n\n\n\n<p>PRIMERO. Aprobar la moci\u00f3n.<\/p>\n\n\n\n<p>SEGUNDO. Dar cuenta del acuerdo adoptado a las distintas entidades municipales y asociaciones de vecinos.<\/p>\n","protected":false},"excerpt":{"rendered":"<p>El passat divendres 29 de juliol, a les 13h, es va celebrar un Ple Extraordinari a l&#8217;Ajuntament de la Bisbal del Pened\u00e8s a petici\u00f3 dels regidors dels grups municipals del &hellip; <a href=\"https:\/\/bisbalpenedes.com\/web\/2022\/08\/01\/el-passat-divendres-29-de-juliol-es-va-celebrar-un-ple-extraordinari-a-lajuntament-de-la-bisbal-del-penedes\/\" class=\"more-link\">Read More<\/a><\/p>\n","protected":false},"author":4,"featured_media":22856,"comment_status":"closed","ping_status":"closed","sticky":false,"template":"","format":"standard","meta":[],"categories":[8,2251,2250],"tags":[161,1086,393,1049,139,423,5428],"_links":{"self":[{"href":"https:\/\/bisbalpenedes.com\/web\/wp-json\/wp\/v2\/posts\/22855"}],"collection":[{"href":"https:\/\/bisbalpenedes.com\/web\/wp-json\/wp\/v2\/posts"}],"about":[{"href":"https:\/\/bisbalpenedes.com\/web\/wp-json\/wp\/v2\/types\/post"}],"author":[{"embeddable":true,"href":"https:\/\/bisbalpenedes.com\/web\/wp-json\/wp\/v2\/users\/4"}],"replies":[{"embeddable":true,"href":"https:\/\/bisbalpenedes.com\/web\/wp-json\/wp\/v2\/comments?post=22855"}],"version-history":[{"count":2,"href":"https:\/\/bisbalpenedes.com\/web\/wp-json\/wp\/v2\/posts\/22855\/revisions"}],"predecessor-version":[{"id":22858,"href":"https:\/\/bisbalpenedes.com\/web\/wp-json\/wp\/v2\/posts\/22855\/revisions\/22858"}],"wp:featuredmedia":[{"embeddable":true,"href":"https:\/\/bisbalpenedes.com\/web\/wp-json\/wp\/v2\/media\/22856"}],"wp:attachment":[{"href":"https:\/\/bisbalpenedes.com\/web\/wp-json\/wp\/v2\/media?parent=22855"}],"wp:term":[{"taxonomy":"category","embeddable":true,"href":"https:\/\/bisbalpenedes.com\/web\/wp-json\/wp\/v2\/categories?post=22855"},{"taxonomy":"post_tag","embeddable":true,"href":"https:\/\/bisbalpenedes.com\/web\/wp-json\/wp\/v2\/tags?post=22855"}],"curies":[{"name":"wp","href":"https:\/\/api.w.org\/{rel}","templated":true}]}}