{"id":22847,"date":"2022-08-01T18:31:08","date_gmt":"2022-08-01T16:31:08","guid":{"rendered":"https:\/\/bisbalpenedes.com\/web\/?p=22847"},"modified":"2022-08-01T18:37:34","modified_gmt":"2022-08-01T16:37:34","slug":"consulta-publica-per-a-la-confeccio-de-lordenanca-municipal-sobre-sorolls-i-vibracions","status":"publish","type":"post","link":"https:\/\/bisbalpenedes.com\/web\/2022\/08\/01\/consulta-publica-per-a-la-confeccio-de-lordenanca-municipal-sobre-sorolls-i-vibracions\/","title":{"rendered":"Consulta p\u00fablica per a la confecci\u00f3 de l&#8217;Ordenan\u00e7a Municipal sobre sorolls i vibracions"},"content":{"rendered":"\n<p>L&#8217;alcaldessa de la Bisbal del Pened\u00e8s, Agn\u00e8s Ferr\u00e9, ha explicat que <em>&#8220;els regidors i regidores del PSC, Units per la Bisbal-FIC i ERC van presentar una proposta d&#8217;aprovaci\u00f3 inicial d&#8217;ordenan\u00e7a municipal sobre sorolls i vibracions en el Ple extraordinari del divendres 29 de juliol de 2022. Aquesta proposta no es va aprovar inicialment perqu\u00e8 l&#8217;article 133 de la Llei 39\/2015, de l&#8217;1 d&#8217;octubre, de Procediment Administratiu Com\u00fa de les Administracions P\u00fabliques, indica que, amb car\u00e0cter previ a l&#8217;elaboraci\u00f3 del projecte o avantprojecte de llei o de reglament, s&#8217;ha de realitzar una consulta p\u00fablica a trav\u00e9s del portal web de l&#8217;Ajuntament. La consulta p\u00fablica \u00e9s per demanar l&#8217;opini\u00f3 de la ciutadania i de les organitzacions m\u00e9s representatives potencialment afectades per la futura norma sobre:<\/em><\/p>\n\n\n\n<ul><li><em>Els problemes que es pretenen solucionar amb la iniciativa.<\/em><\/li><li><em>La necessitat i oportunitat de la seva aprovaci\u00f3.<\/em><\/li><li><em>Els objectius de la norma.<\/em><\/li><li><em>Les possibles solucions alternatives, reguladores i no reguladores<\/em><\/li><\/ul>\n\n\n\n<p><em>Per aquest motiu i, previ a la confecci\u00f3 i aprovaci\u00f3 inicial de l\u2019ordenan\u00e7a municipal, obrim aquesta consulta p\u00fablica per recollir aportacions dels bisbalencs i bisbalenques durant 30 dies h\u00e0bils&#8221;.<\/em><em><\/em><\/p>\n\n\n\n<p><strong>Podeu participar en la consulta accedint a l\u2019enlla\u00e7: <\/strong><a href=\"https:\/\/bisbalpenedes.com\/web\/consulta-publica-ordenanca-sorolls-vibracions\/\">https:\/\/bisbalpenedes.com\/web\/consulta-publica-ordenanca-sorolls-vibracions\/<\/a><\/p>\n\n\n\n<p><strong>&#8212;<\/strong><\/p>\n\n\n\n<p><strong>CASTELLANO |<\/strong> Hasta el 13 de septiembre de 2022 pod\u00e9is participar en la consulta p\u00fablica para la confecci\u00f3n de la Ordenanza Municipal sobre ruidos y vibraciones. El objetivo de la consulta es recoger la opini\u00f3n de los vecinos y vecinas de la Bisbal sobre esta nueva ordenanza.<\/p>\n\n\n\n<p><em>La alcaldesa de la Bisbal del Pened\u00e8s, Agn\u00e8s Ferr\u00e9, ha explicado que &#8220;los concejales y concejalas del PSC, Units per la Bisbal-FIC y ERC presentaron una propuesta de aprobaci\u00f3n inicial de ordenanza municipal sobre ruidos y vibraciones en el Pleno extraordinario del viernes 29 de julio de 2022. Esta propuesta no se aprob\u00f3 inicialmente porque el art\u00edculo 133 de la Ley 39\/2015, del 1 de octubre, de Procedimiento Administrativo Com\u00fan de las Administraciones P\u00fablicas, indica que, con car\u00e1cter previo a la elaboraci\u00f3n del proyecto o anteproyecto de ley o de reglamento, se tiene que realizar una consulta p\u00fablica a trav\u00e9s del portal web del Ayuntamiento. La consulta p\u00fablica es para solicitar la opini\u00f3n de la ciudadan\u00eda y de las organizaciones m\u00e1s representativas potencialmente afectadas por la futura norma sobre:<\/em><\/p>\n\n\n\n<ul><li><em>Los problemas que se pretenden solucionar con la iniciativa.<\/em><\/li><li><em>La necesidad y oportunidad de su aprobaci\u00f3n.<\/em><\/li><li><em>Los objetivos de la norma.<\/em><\/li><li><em>Las posibles soluciones alternativas, reguladoras y no reguladoras.<\/em><\/li><\/ul>\n\n\n\n<p><em>Por este motivo y, previamente a la confecci\u00f3n y aprobaci\u00f3n inicial de la ordenanza municipal, abrimos esta consulta p\u00fablica para recoger las aportaciones de los bisbalencs y bisbalenques durante 30 d\u00edas h\u00e1biles&#8221;.<\/em><\/p>\n\n\n\n<p><strong>Pod\u00e9is participar en la consulta accediendo al enlace: <\/strong><a href=\"https:\/\/bisbalpenedes.com\/web\/consulta-publica-ordenanca-sorolls-vibracions\/\">https:\/\/bisbalpenedes.com\/web\/consulta-publica-ordenanca-sorolls-vibracions\/<\/a><\/p>\n","protected":false},"excerpt":{"rendered":"<p>L&#8217;alcaldessa de la Bisbal del Pened\u00e8s, Agn\u00e8s Ferr\u00e9, ha explicat que &#8220;els regidors i regidores del PSC, Units per la Bisbal-FIC i ERC van presentar una proposta d&#8217;aprovaci\u00f3 inicial d&#8217;ordenan\u00e7a &hellip; <a href=\"https:\/\/bisbalpenedes.com\/web\/2022\/08\/01\/consulta-publica-per-a-la-confeccio-de-lordenanca-municipal-sobre-sorolls-i-vibracions\/\" class=\"more-link\">Read More<\/a><\/p>\n","protected":false},"author":4,"featured_media":22848,"comment_status":"closed","ping_status":"closed","sticky":false,"template":"","format":"standard","meta":[],"categories":[3099,8],"tags":[459,3096,393,1049,5428],"_links":{"self":[{"href":"https:\/\/bisbalpenedes.com\/web\/wp-json\/wp\/v2\/posts\/22847"}],"collection":[{"href":"https:\/\/bisbalpenedes.com\/web\/wp-json\/wp\/v2\/posts"}],"about":[{"href":"https:\/\/bisbalpenedes.com\/web\/wp-json\/wp\/v2\/types\/post"}],"author":[{"embeddable":true,"href":"https:\/\/bisbalpenedes.com\/web\/wp-json\/wp\/v2\/users\/4"}],"replies":[{"embeddable":true,"href":"https:\/\/bisbalpenedes.com\/web\/wp-json\/wp\/v2\/comments?post=22847"}],"version-history":[{"count":4,"href":"https:\/\/bisbalpenedes.com\/web\/wp-json\/wp\/v2\/posts\/22847\/revisions"}],"predecessor-version":[{"id":22860,"href":"https:\/\/bisbalpenedes.com\/web\/wp-json\/wp\/v2\/posts\/22847\/revisions\/22860"}],"wp:featuredmedia":[{"embeddable":true,"href":"https:\/\/bisbalpenedes.com\/web\/wp-json\/wp\/v2\/media\/22848"}],"wp:attachment":[{"href":"https:\/\/bisbalpenedes.com\/web\/wp-json\/wp\/v2\/media?parent=22847"}],"wp:term":[{"taxonomy":"category","embeddable":true,"href":"https:\/\/bisbalpenedes.com\/web\/wp-json\/wp\/v2\/categories?post=22847"},{"taxonomy":"post_tag","embeddable":true,"href":"https:\/\/bisbalpenedes.com\/web\/wp-json\/wp\/v2\/tags?post=22847"}],"curies":[{"name":"wp","href":"https:\/\/api.w.org\/{rel}","templated":true}]}}