{"id":22833,"date":"2022-08-01T11:31:05","date_gmt":"2022-08-01T09:31:05","guid":{"rendered":"https:\/\/bisbalpenedes.com\/web\/?p=22833"},"modified":"2022-08-01T14:58:08","modified_gmt":"2022-08-01T12:58:08","slug":"ja-es-aqui-el-programa-de-la-festa-major-2022-els-dies-6-i-7-dagost-actes-previs-i-de-l11-al-17-dagost-gaudiu-de-la-nostra-festa-major-som-super","status":"publish","type":"post","link":"https:\/\/bisbalpenedes.com\/web\/2022\/08\/01\/ja-es-aqui-el-programa-de-la-festa-major-2022-els-dies-6-i-7-dagost-actes-previs-i-de-l11-al-17-dagost-gaudiu-de-la-nostra-festa-major-som-super\/","title":{"rendered":"Ja \u00e9s aqu\u00ed el programa de la Festa Major 2022 &#8211; Els dies 6 i 7 d&#8217;agost (actes previs) i de l&#8217;11 al 17 d&#8217;agost gaudiu de la Festa Major. Som S\u00faper!"},"content":{"rendered":"\n<p>Som S\u00faper!<\/p>\n\n\n\n<p>&#8220;Despr\u00e9s de dos anys de gaudir d&#8217;una Festa Major diferent, amb mesures de prevenci\u00f3 per la Covid-19, enguany tenim una gran Festa Major, oberta i de les de no parar!<\/p>\n\n\n\n<p>Agraeixo a totes les entitats que durant aquests dos anys, tot i les restriccions, han organitzat activitats i que, aquest 2022, fa setmanes que treballen per oferir la millor Festa Major.<\/p>\n\n\n\n<p>Fem Festa Major del 6 i 7 d&#8217;agost i de l&#8217;11 al 17 d&#8217;agost amb tir al plat, concerts, balls, espectacles infantils i per a totes les edats, esports, cultura, tradicions, correfocs, castells, sopars i gimkana.<\/p>\n\n\n\n<p>Us animo a participar de totes les activitats que teniu al programa, i a participar-hi amb alegria, respecte i ganes de festa, acompanyats de la fam\u00edlia i amics. I per aix\u00f2 fa falta que els dies previs descanseu i que tingueu el programa a m\u00e0 per no perdre-us res.<\/p>\n\n\n\n<p>\u00c9s la nostra Festa Major, la millor per gaudir i compartir!<\/p>\n\n\n\n<p>La millor manera d&#8217;acabar \u00e9s recordant la can\u00e7\u00f3 de la Trinca:<\/p>\n\n\n\n<p>&#8216;Alegria, que \u00e9s Festa Major.<\/p>\n\n\n\n<p>Alegria, perqu\u00e8 el nostre Sant \u00e9s el millor.<\/p>\n\n\n\n<p>Alegria, que \u00e9s Festa Major.<\/p>\n\n\n\n<p>Al mat\u00ed tenim passada, missa, les sardanes i havent dinat,<\/p>\n\n\n\n<p>migdiada, process\u00f3, <\/p>\n\n\n\n<p>concert, castell de focs i ball a l&#8217;envelat&#8217;.&#8221;<\/p>\n\n\n\n<p class=\"has-text-align-right\">Agn\u00e8s Ferr\u00e9 Ca\u00f1ellas<\/p>\n\n\n\n<p class=\"has-text-align-right\">Alcaldessa de la Bisbal del Pened\u00e8s<\/p>\n\n\n\n<div class=\"wp-container-1 wp-block-group\"><div class=\"wp-block-group__inner-container\">\n<p class=\"has-text-align-center\"><strong><mark style=\"background-color:#f78da7\" class=\"has-inline-color has-black-color\">Us podeu descarregar el programa fent clic<\/mark><a rel=\"noreferrer noopener\" href=\"https:\/\/bisbalpenedes.com\/web\/wp-content\/uploads\/2022\/08\/Programa-Festa-Major-2022_descarregar.pdf\" target=\"_blank\"><mark style=\"background-color:#f78da7\" class=\"has-inline-color has-vivid-red-color\"> aqu\u00ed<\/mark><\/a><\/strong><\/p>\n<\/div><\/div>\n\n\n\n<hr class=\"wp-block-separator has-alpha-channel-opacity\"\/>\n\n\n\n<p>\u00a1SOMOS S\u00daPER!<\/p>\n\n\n\n<p>&#8220;Despu\u00e9s de dos a\u00f1os de disfrutar de una Fiesta Mayor distinta, con medidas de prevenci\u00f3n por la Covid-19, este a\u00f1o tenemos una gran Fiesta Mayor abierta y de las de no parar!<\/p>\n\n\n\n<p>Agradezco a todas las entidades que durante estos dos a\u00f1os, aun con las restricciones, han organizado actividades y que, este 2022, hace semanas que trabajan para ofrecer la mejor Fiesta Mayor.<\/p>\n\n\n\n<p>Hacemos Fiesta Mayor el 6 y 7 de agosto y del 11 al 17 de agosto con tiro al plato, conciertos, bailes, espect\u00e1culos infantiles y para todas las edades, deportes, cultura, tradiciones, correfocs, castillos, cenas y gimkana.<\/p>\n\n\n\n<p>Os animo a participar de todas las actividades que ten\u00e9is en el programa, y a participar con alegr\u00eda, respeto y ganas de fiesta, acompa\u00f1ados de la familia y amigos. Por eso es necesario que los dias previos descans\u00e9is y que teng\u00e1is el programa a mano para no perderos nada.<\/p>\n\n\n\n<p>Es nuestra Fiesta Mayor, \u00a1la mejor para disfrutar y compartir!<\/p>\n\n\n\n<p>La mejor manera de terminar es recordando la canci\u00f3n de la Trinca:<\/p>\n\n\n\n<p>&#8216;Alegria, que \u00e9s Festa Major.<\/p>\n\n\n\n<p>Alegria, perqu\u00e8 el nostre Sant \u00e9s el millor.<\/p>\n\n\n\n<p>Alegria, que \u00e9s Festa Major.<\/p>\n\n\n\n<p>Al mat\u00ed tenim passada, missa, les sardanes i havent dinat,<\/p>\n\n\n\n<p>migdiada, process\u00f3, <\/p>\n\n\n\n<p>concert, castell de focs i ball a l&#8217;envelat&#8217;.&#8221;<\/p>\n\n\n\n<p class=\"has-text-align-right\">Agn\u00e8s Ferr\u00e9 Ca\u00f1ellas<\/p>\n\n\n\n<p class=\"has-text-align-right\">Alcaldessa de la Bisbal del Pened\u00e8s<\/p>\n\n\n\n<div class=\"wp-container-2 wp-block-group\"><div class=\"wp-block-group__inner-container\">\n<p class=\"has-text-align-center\"><strong><mark style=\"background-color:#f78da7\" class=\"has-inline-color has-black-color\">Os pod\u00e9is descargar el programa haciendo clic <a rel=\"noreferrer noopener\" href=\"https:\/\/bisbalpenedes.com\/web\/wp-content\/uploads\/2022\/08\/Programa-Festa-Major-2022_descarregar.pdf\" target=\"_blank\">aqu\u00ed<\/a><\/mark><\/strong><\/p>\n<\/div><\/div>\n","protected":false},"excerpt":{"rendered":"<p>Som S\u00faper! &#8220;Despr\u00e9s de dos anys de gaudir d&#8217;una Festa Major diferent, amb mesures de prevenci\u00f3 per la Covid-19, enguany tenim una gran Festa Major, oberta i de les de &hellip; <a href=\"https:\/\/bisbalpenedes.com\/web\/2022\/08\/01\/ja-es-aqui-el-programa-de-la-festa-major-2022-els-dies-6-i-7-dagost-actes-previs-i-de-l11-al-17-dagost-gaudiu-de-la-nostra-festa-major-som-super\/\" class=\"more-link\">Read More<\/a><\/p>\n","protected":false},"author":4,"featured_media":22835,"comment_status":"closed","ping_status":"closed","sticky":false,"template":"","format":"standard","meta":[],"categories":[2942,13,2161,1042,4668,8],"tags":[280,5425,4694,393,5426,5427],"_links":{"self":[{"href":"https:\/\/bisbalpenedes.com\/web\/wp-json\/wp\/v2\/posts\/22833"}],"collection":[{"href":"https:\/\/bisbalpenedes.com\/web\/wp-json\/wp\/v2\/posts"}],"about":[{"href":"https:\/\/bisbalpenedes.com\/web\/wp-json\/wp\/v2\/types\/post"}],"author":[{"embeddable":true,"href":"https:\/\/bisbalpenedes.com\/web\/wp-json\/wp\/v2\/users\/4"}],"replies":[{"embeddable":true,"href":"https:\/\/bisbalpenedes.com\/web\/wp-json\/wp\/v2\/comments?post=22833"}],"version-history":[{"count":5,"href":"https:\/\/bisbalpenedes.com\/web\/wp-json\/wp\/v2\/posts\/22833\/revisions"}],"predecessor-version":[{"id":26553,"href":"https:\/\/bisbalpenedes.com\/web\/wp-json\/wp\/v2\/posts\/22833\/revisions\/26553"}],"wp:featuredmedia":[{"embeddable":true,"href":"https:\/\/bisbalpenedes.com\/web\/wp-json\/wp\/v2\/media\/22835"}],"wp:attachment":[{"href":"https:\/\/bisbalpenedes.com\/web\/wp-json\/wp\/v2\/media?parent=22833"}],"wp:term":[{"taxonomy":"category","embeddable":true,"href":"https:\/\/bisbalpenedes.com\/web\/wp-json\/wp\/v2\/categories?post=22833"},{"taxonomy":"post_tag","embeddable":true,"href":"https:\/\/bisbalpenedes.com\/web\/wp-json\/wp\/v2\/tags?post=22833"}],"curies":[{"name":"wp","href":"https:\/\/api.w.org\/{rel}","templated":true}]}}