{"id":22829,"date":"2022-07-30T12:12:18","date_gmt":"2022-07-30T10:12:18","guid":{"rendered":"https:\/\/bisbalpenedes.com\/web\/?p=22829"},"modified":"2022-07-30T12:12:18","modified_gmt":"2022-07-30T10:12:18","slug":"actes-previs-de-la-festa-major-tir-al-plat-en-memoria-del-gori","status":"publish","type":"post","link":"https:\/\/bisbalpenedes.com\/web\/2022\/07\/30\/actes-previs-de-la-festa-major-tir-al-plat-en-memoria-del-gori\/","title":{"rendered":"Actes previs de la Festa Major: Tir al plat en mem\u00f2ria del Gori"},"content":{"rendered":"\n<p>L&#8217;Associaci\u00f3 de Ca\u00e7adors de la Bisbal ha organitzat una tirada general al plat en mem\u00f2ria del Gori en el marc dels actes previs de la Festa Major. El dia 6 hi haur\u00e0 entrenament i el dia 7 tirada general.<\/p>\n\n\n\n<hr class=\"wp-block-separator has-alpha-channel-opacity\"\/>\n\n\n\n<p>La Associaci\u00f3 de Ca\u00e7adors de la Bisbal ha organizado una tirada general al plato en memoria del Gori en el marco de los actos previos de la Fiesta Mayor. El d\u00eda 6 habr\u00e1 entreno y el d\u00eda 7 tirada general.<\/p>\n","protected":false},"excerpt":{"rendered":"<p>L&#8217;Associaci\u00f3 de Ca\u00e7adors de la Bisbal ha organitzat una tirada general al plat en mem\u00f2ria del Gori en el marc dels actes previs de la Festa Major. El dia 6 &hellip; <a href=\"https:\/\/bisbalpenedes.com\/web\/2022\/07\/30\/actes-previs-de-la-festa-major-tir-al-plat-en-memoria-del-gori\/\" class=\"more-link\">Read More<\/a><\/p>\n","protected":false},"author":4,"featured_media":22830,"comment_status":"closed","ping_status":"closed","sticky":false,"template":"","format":"standard","meta":[],"categories":[2942,20,2161,4668,8],"tags":[3564,351,280,4694,2177],"_links":{"self":[{"href":"https:\/\/bisbalpenedes.com\/web\/wp-json\/wp\/v2\/posts\/22829"}],"collection":[{"href":"https:\/\/bisbalpenedes.com\/web\/wp-json\/wp\/v2\/posts"}],"about":[{"href":"https:\/\/bisbalpenedes.com\/web\/wp-json\/wp\/v2\/types\/post"}],"author":[{"embeddable":true,"href":"https:\/\/bisbalpenedes.com\/web\/wp-json\/wp\/v2\/users\/4"}],"replies":[{"embeddable":true,"href":"https:\/\/bisbalpenedes.com\/web\/wp-json\/wp\/v2\/comments?post=22829"}],"version-history":[{"count":1,"href":"https:\/\/bisbalpenedes.com\/web\/wp-json\/wp\/v2\/posts\/22829\/revisions"}],"predecessor-version":[{"id":22831,"href":"https:\/\/bisbalpenedes.com\/web\/wp-json\/wp\/v2\/posts\/22829\/revisions\/22831"}],"wp:featuredmedia":[{"embeddable":true,"href":"https:\/\/bisbalpenedes.com\/web\/wp-json\/wp\/v2\/media\/22830"}],"wp:attachment":[{"href":"https:\/\/bisbalpenedes.com\/web\/wp-json\/wp\/v2\/media?parent=22829"}],"wp:term":[{"taxonomy":"category","embeddable":true,"href":"https:\/\/bisbalpenedes.com\/web\/wp-json\/wp\/v2\/categories?post=22829"},{"taxonomy":"post_tag","embeddable":true,"href":"https:\/\/bisbalpenedes.com\/web\/wp-json\/wp\/v2\/tags?post=22829"}],"curies":[{"name":"wp","href":"https:\/\/api.w.org\/{rel}","templated":true}]}}