{"id":22818,"date":"2022-07-29T09:12:36","date_gmt":"2022-07-29T07:12:36","guid":{"rendered":"https:\/\/bisbalpenedes.com\/web\/?p=22818"},"modified":"2022-07-29T09:12:36","modified_gmt":"2022-07-29T07:12:36","slug":"la-colla-castellera-de-la-bisbal-del-penedes-i-lajuntament-signen-un-conveni-per-a-lany-2022","status":"publish","type":"post","link":"https:\/\/bisbalpenedes.com\/web\/2022\/07\/29\/la-colla-castellera-de-la-bisbal-del-penedes-i-lajuntament-signen-un-conveni-per-a-lany-2022\/","title":{"rendered":"La Colla Castellera de La Bisbal del Pened\u00e8s i l&#8217;Ajuntament signen un conveni per a l&#8217;any 2022"},"content":{"rendered":"\n<p>La Junta de Govern del 25 de juliol va aprovar un conveni amb la Colla Castellera de La Bisbal del Pened\u00e8s (Bous) per al 2022. L&#8217;Ajuntament aporta 11.500\u20ac a la colla com a entitat que promou la cultura al municipi, millora la qualitat de vida de la ciutadania i promou la conviv\u00e8ncia i la cohesi\u00f3 social. Per tot aix\u00f2 i perqu\u00e8 porta el nom de La Bisbal arreu del territori, s&#8217;ha aprovat aquest conveni que, posteriorment, s&#8217;ha signat amb l&#8217;entitat.<\/p>\n\n\n\n<p>Mitjan\u00e7ant aquest conveni, l&#8217;Ajuntament de La Bisbal del Pened\u00e8s col\u00b7labora en el finan\u00e7ament de les despeses derivades de l&#8217;organitzaci\u00f3 i participaci\u00f3 en les seg\u00fcents activitats previstes per a l&#8217;any 2022:<\/p>\n\n\n\n<ul><li>Activitats organitzades (diades castelleres&#8230;)<\/li><li>Altres activitats durant l&#8217;any<\/li><li>Material divers necessari per dur a terme les activitats de l&#8217;entitat: vestuari, cascs, etc.<\/li><\/ul>\n\n\n\n<p>L&#8217;entitat haur\u00e0 de justificar, com a m\u00e0xim el 31 de gener de 2023, l&#8217;aplicaci\u00f3 de la subvenci\u00f3 concedida mitjan\u00e7ant la documentaci\u00f3 que li requereixi l&#8217;Ajuntament.<\/p>\n\n\n\n<hr class=\"wp-block-separator has-alpha-channel-opacity\"\/>\n\n\n\n<p><strong>CASTELLANO |<\/strong>&nbsp;La Junta de Gobierno del 25 de julio aprob\u00f3 un convenio con la Colla Castellera de La Bisbal del Pened\u00e8s (Bous) para el 2022. El Ayuntamiento aporta 11.500\u20ac a la colla como entidad que promueve la cultura en el municipio, mejora la calidad de vida de la ciudadan\u00eda y promueve la convivencia y la cohesi\u00f3n social. Por todo ello y porque lleva el nombre de La Bisbal all\u00ed donde va, se ha aprobado este convenio que, posteriormente, se ha firmado con la entidad.<\/p>\n\n\n\n<p>Mediante este convenio, el Ayuntamiento de La Bisbal del Pened\u00e8s colabora en la financiaci\u00f3n de los gastos derivados de la organizaci\u00f3n y participaci\u00f3n en las siguientes actividades previstas para el a\u00f1o 2022:<\/p>\n\n\n\n<ul><li>Actividades organizadas (diadas <em>castelleras<\/em>&#8230;)<\/li><li>Otras actividades durante el a\u00f1o<\/li><li>Material diverso necesario para llevar a cabo las actividades de la entidad: vestuario, cascos, etc.<\/li><\/ul>\n\n\n\n<p>La entidad deber\u00e1 justificar, como m\u00e1ximo el 31 de enero de 2023, la aplicaci\u00f3n de la subvenci\u00f3n concedida mediante la documentaci\u00f3n que le requiera el Ayuntamiento.<\/p>\n","protected":false},"excerpt":{"rendered":"<p>La Junta de Govern del 25 de juliol va aprovar un conveni amb la Colla Castellera de La Bisbal del Pened\u00e8s (Bous) per al 2022. L&#8217;Ajuntament aporta 11.500\u20ac a la &hellip; <a href=\"https:\/\/bisbalpenedes.com\/web\/2022\/07\/29\/la-colla-castellera-de-la-bisbal-del-penedes-i-lajuntament-signen-un-conveni-per-a-lany-2022\/\" class=\"more-link\">Read More<\/a><\/p>\n","protected":false},"author":4,"featured_media":22819,"comment_status":"closed","ping_status":"closed","sticky":false,"template":"","format":"standard","meta":[],"categories":[13,20,8,2809],"tags":[459,377,440,225,393,99],"_links":{"self":[{"href":"https:\/\/bisbalpenedes.com\/web\/wp-json\/wp\/v2\/posts\/22818"}],"collection":[{"href":"https:\/\/bisbalpenedes.com\/web\/wp-json\/wp\/v2\/posts"}],"about":[{"href":"https:\/\/bisbalpenedes.com\/web\/wp-json\/wp\/v2\/types\/post"}],"author":[{"embeddable":true,"href":"https:\/\/bisbalpenedes.com\/web\/wp-json\/wp\/v2\/users\/4"}],"replies":[{"embeddable":true,"href":"https:\/\/bisbalpenedes.com\/web\/wp-json\/wp\/v2\/comments?post=22818"}],"version-history":[{"count":1,"href":"https:\/\/bisbalpenedes.com\/web\/wp-json\/wp\/v2\/posts\/22818\/revisions"}],"predecessor-version":[{"id":22820,"href":"https:\/\/bisbalpenedes.com\/web\/wp-json\/wp\/v2\/posts\/22818\/revisions\/22820"}],"wp:featuredmedia":[{"embeddable":true,"href":"https:\/\/bisbalpenedes.com\/web\/wp-json\/wp\/v2\/media\/22819"}],"wp:attachment":[{"href":"https:\/\/bisbalpenedes.com\/web\/wp-json\/wp\/v2\/media?parent=22818"}],"wp:term":[{"taxonomy":"category","embeddable":true,"href":"https:\/\/bisbalpenedes.com\/web\/wp-json\/wp\/v2\/categories?post=22818"},{"taxonomy":"post_tag","embeddable":true,"href":"https:\/\/bisbalpenedes.com\/web\/wp-json\/wp\/v2\/tags?post=22818"}],"curies":[{"name":"wp","href":"https:\/\/api.w.org\/{rel}","templated":true}]}}