{"id":22813,"date":"2022-07-29T08:22:32","date_gmt":"2022-07-29T06:22:32","guid":{"rendered":"https:\/\/bisbalpenedes.com\/web\/?p=22813"},"modified":"2022-07-29T08:28:52","modified_gmt":"2022-07-29T06:28:52","slug":"sha-convocat-una-junta-de-govern-local-pel-dilluns-1-dagost-amb-una-proposta-amb-competencia-del-ple-delegada-a-la-junta-de-govern","status":"publish","type":"post","link":"https:\/\/bisbalpenedes.com\/web\/2022\/07\/29\/sha-convocat-una-junta-de-govern-local-pel-dilluns-1-dagost-amb-una-proposta-amb-competencia-del-ple-delegada-a-la-junta-de-govern\/","title":{"rendered":"S\u2019ha convocat una Junta de Govern Local per al dilluns 1 d\u2019agost amb una proposta amb compet\u00e8ncia del Ple delegada a la Junta de Govern"},"content":{"rendered":"\n<p>S\u2019ha convocat una Junta de govern local extraordin\u00e0ria per al\u00a0\u00a0dilluns 1 d\u2019agost. Una de les propostes de la Junta \u00e9s amb compet\u00e8ncia del Ple delegada a la Junta de Govern mitjan\u00e7ant acord plenari del 4 de juliol de 2019. \u00c9s la seg\u00fcent:<\/p>\n\n\n\n<ul><li>Expedient 1193\/2022 Adjudicaci\u00f3 provisional de les obres de remodelaci\u00f3 i ampliaci\u00f3 del poliesportiu municipal (fases 1.1 i 1.2), que es correspon a la rehabilitaci\u00f3 del pavell\u00f3 i la construcci\u00f3 dels vestuaris.<\/li><\/ul>\n\n\n\n<p>Les sessions de la Junta de Govern Local no s\u00f3n p\u00fabliques, per\u00f2 quan actua amb compet\u00e8ncies delegades del Ple, la Sessi\u00f3 se sotmet als mateixos requisits de publicitat que les Sessions del Ple, que s\u00f3n p\u00fabliques. Aix\u00ed ho va declarar la STS 161\/2013, de\u00a026 de setembre. Per aquest motiu s\u2019obriran les portes de la sala de plens\u00a0a les 18:20h, per tal que pugui assistir-hi p\u00fablic. Tamb\u00e9 es gravar\u00e0 aquest punt de l\u2019ordre del dia i posteriorment es publicar\u00e0 el v\u00eddeo per garantir la seva publicitat.<\/p>\n\n\n\n<hr class=\"wp-block-separator has-alpha-channel-opacity\"\/>\n\n\n\n<p><strong>CASTELLANO |<\/strong> Se ha convocado una Junta de gobierno local extraordinaria para el lunes 1 de agosto. Una de las propuestas de la Junta es con competencia del Pleno delegada a la Junta de Gobierno mediante acuerdo plenario del 4 de julio de 2019. Es la siguiente:<\/p>\n\n\n\n<ul><li>Expediente 1193\/2022 Adjudicaci\u00f3n provisional de las obras de remodelaci\u00f3n y ampliaci\u00f3n del polideportivo municipal (fases 1.1. y 1.2) que se corresponde a la rehabilitaci\u00f3n del pabell\u00f3n y la construcci\u00f3n de vestuarios.<\/li><\/ul>\n\n\n\n<p>Las sesiones de la Junta de Gobierno Local no son p\u00fablicas, pero cuando act\u00faa con competencias delegadas del Pleno, la Sesi\u00f3n se somete a los mismos requisitos de publicidad que las Sesiones del Pleno, que son p\u00fablicas. As\u00ed lo declar\u00f3 la STS 161\/2013, de 26 de septiembre. Por este motivo se abrir\u00e1n las puertas de la sala de plenos a las 18:20h con tal que pueda asistir p\u00fablico. Tambi\u00e9n se grabar\u00e1 este punto del orden del d\u00eda y posteriormente se publicar\u00e1 el v\u00eddeo para garantizar su publicidad.<\/p>\n","protected":false},"excerpt":{"rendered":"<p>S\u2019ha convocat una Junta de govern local extraordin\u00e0ria per al\u00a0\u00a0dilluns 1 d\u2019agost. Una de les propostes de la Junta \u00e9s amb compet\u00e8ncia del Ple delegada a la Junta de Govern &hellip; <a href=\"https:\/\/bisbalpenedes.com\/web\/2022\/07\/29\/sha-convocat-una-junta-de-govern-local-pel-dilluns-1-dagost-amb-una-proposta-amb-competencia-del-ple-delegada-a-la-junta-de-govern\/\" class=\"more-link\">Read More<\/a><\/p>\n","protected":false},"author":4,"featured_media":22342,"comment_status":"closed","ping_status":"closed","sticky":false,"template":"","format":"standard","meta":[],"categories":[19,3085,8,2250,15],"tags":[5208,5054,4175,686,393,139,483],"_links":{"self":[{"href":"https:\/\/bisbalpenedes.com\/web\/wp-json\/wp\/v2\/posts\/22813"}],"collection":[{"href":"https:\/\/bisbalpenedes.com\/web\/wp-json\/wp\/v2\/posts"}],"about":[{"href":"https:\/\/bisbalpenedes.com\/web\/wp-json\/wp\/v2\/types\/post"}],"author":[{"embeddable":true,"href":"https:\/\/bisbalpenedes.com\/web\/wp-json\/wp\/v2\/users\/4"}],"replies":[{"embeddable":true,"href":"https:\/\/bisbalpenedes.com\/web\/wp-json\/wp\/v2\/comments?post=22813"}],"version-history":[{"count":4,"href":"https:\/\/bisbalpenedes.com\/web\/wp-json\/wp\/v2\/posts\/22813\/revisions"}],"predecessor-version":[{"id":22817,"href":"https:\/\/bisbalpenedes.com\/web\/wp-json\/wp\/v2\/posts\/22813\/revisions\/22817"}],"wp:featuredmedia":[{"embeddable":true,"href":"https:\/\/bisbalpenedes.com\/web\/wp-json\/wp\/v2\/media\/22342"}],"wp:attachment":[{"href":"https:\/\/bisbalpenedes.com\/web\/wp-json\/wp\/v2\/media?parent=22813"}],"wp:term":[{"taxonomy":"category","embeddable":true,"href":"https:\/\/bisbalpenedes.com\/web\/wp-json\/wp\/v2\/categories?post=22813"},{"taxonomy":"post_tag","embeddable":true,"href":"https:\/\/bisbalpenedes.com\/web\/wp-json\/wp\/v2\/tags?post=22813"}],"curies":[{"name":"wp","href":"https:\/\/api.w.org\/{rel}","templated":true}]}}