{"id":22803,"date":"2022-07-28T09:09:26","date_gmt":"2022-07-28T07:09:26","guid":{"rendered":"https:\/\/bisbalpenedes.com\/web\/?p=22803"},"modified":"2022-07-28T09:09:26","modified_gmt":"2022-07-28T07:09:26","slug":"el-papagai-celebrara-les-seves-festes-a-finals-dagost-gracies-a-la-iniciativa-dun-grup-de-joves-les-festes-comptaran-amb-el-suport-dels-ajuntaments-de-la-bisbal-del-penedes-i-sant-jaume-dels-dom","status":"publish","type":"post","link":"https:\/\/bisbalpenedes.com\/web\/2022\/07\/28\/el-papagai-celebrara-les-seves-festes-a-finals-dagost-gracies-a-la-iniciativa-dun-grup-de-joves-les-festes-comptaran-amb-el-suport-dels-ajuntaments-de-la-bisbal-del-penedes-i-sant-jaume-dels-dom\/","title":{"rendered":"El Papagai celebrar\u00e0 les seves festes a finals d&#8217;agost gr\u00e0cies a la iniciativa d&#8217;un grup de joves &#8211; Les festes comptaran amb el suport dels ajuntaments de La Bisbal del Pened\u00e8s i Sant Jaume dels Domenys"},"content":{"rendered":"\n<p>El Papagai celebrar\u00e0 les seves festes del 26 al 28 d&#8217;agost gr\u00e0cies a la iniciativa d&#8217;un grup de joves d&#8217;aquest barri. Aquest dimecres 27 de juliol els ajuntaments de Sant Jaume dels Domenys i la Bisbal del Pened\u00e8s s&#8217;han reunit amb diversos ve\u00efns de la urbanitzaci\u00f3 per parlar de les festes i coordinar la log\u00edstica i col\u00b7laboraci\u00f3 dels consistoris en les festes.<\/p>\n\n\n\n<p>La urbanitzaci\u00f3 del Papagai pertany a dos municipis: la major part a Sant Jaume dels Domenys i, una part m\u00e9s petita, a La Bisbal del Pened\u00e8s. Ara fa unes setmanes, un grup de joves va sol\u00b7licitar una reuni\u00f3 a ambd\u00f3s ajuntaments amb l&#8217;objectiu de parlar d&#8217;aquetes festes i sol\u00b7licitar la col\u00b7laboraci\u00f3 d&#8217;ambd\u00f3s municipis. La reuni\u00f3 s&#8217;ha dut a terme aquest dimecres 27 de juliol i, durant la trobada, els joves han entregat als consistoris la programaci\u00f3 de festes per als dies 26, 27 i 28 d&#8217;agost. Els dos ajuntaments s&#8217;han ofert, de seguida, a col\u00b7laborar en les festes i en la log\u00edstica d&#8217;aquestes.<\/p>\n\n\n\n<p>L&#8217;alcaldessa de la Bisbal del Pened\u00e8s, Agn\u00e8s Ferr\u00e9, felicita els i les joves per aquesta iniciativa <em>&#8220;d&#8217;organitzar les festes. Des que no hi ha associacions de propietaris al Papagai no s&#8217;havien organitzat festes d&#8217;estiu i, des de l&#8217;Ajuntament de la Bisbal del Pened\u00e8s, els donarem tot el nostre suport. De fet, ambd\u00f3s ajuntaments treballarem conjuntament perqu\u00e8 puguin tirar endavant aquests tres dies d&#8217;activitats&#8221;.<\/em><\/p>\n\n\n\n<p>La reuni\u00f3 d&#8217;aquest dimecres 27 de juliol s&#8217;ha celebrat a la sala de plens de l&#8217;Ajuntament de la Bisbal del Pened\u00e8s i ha comptat amb la participaci\u00f3 de l&#8217;alcalde de Sant Jaume, Marc Palau; la regidora de Festes i Joventut de Sant Jaume, Maria Dolors Miquel; l&#8217;alcaldessa de la Bisbal del Pened\u00e8s, Agn\u00e8s Ferr\u00e9; el regidor de Festes de l&#8217;Ajuntament de la Bisbal del Pened\u00e8s, Feliu Gil; el regidor de Joventut de l&#8217;Ajuntament de la Bisbal del Pened\u00e8s, F\u00e9lix Villaz\u00e1n; i onze ve\u00efns i ve\u00efnes del Papagai (cinc joves i sis adults, alguns de la part de Sant Jaume i alguns de la part de la Bisbal).<\/p>\n\n\n\n<hr class=\"wp-block-separator has-alpha-channel-opacity\"\/>\n\n\n\n<p>El Papagai celebrar\u00e1 sus fiestas del 26 al 28 de agosto gracias a la iniciativa de un grupo de j\u00f3venes de este barrio. Este mi\u00e9rcoles 27 de julio los ayuntamientos de Sant Jaume dels Domenys y la Bisbal del Pened\u00e8s se han reunido con varios vecinos de la urbanizaci\u00f3n para hablar de las fiestas y coordinar la log\u00edstica y colaboraci\u00f3n de los consistorios en las fiestas.<\/p>\n\n\n\n<p>La urbanizaci\u00f3n del Papagai pertenece a dos municipios: la mayor parte a Sant Jaume dels Domenys y, una parte m\u00e1s peque\u00f1a, a La Bisbal del Pened\u00e8s. Hace unas semanas, un grupo de j\u00f3venes solicit\u00f3 una reuni\u00f3n con ambos ayuntamientos con el objetivo de hablar de estas fiestas y solicitar la colaboraci\u00f3n de ambos municipios. La reuni\u00f3n se ha llevado a cabo este mi\u00e9rcoles 27 de julio y, durante el encuentro, los j\u00f3venes han entregado a los consistorios la programaci\u00f3n de fiestas para los d\u00edas 26, 27 y 28 de agosto. Los dos ayuntamientos se han ofrecido, enseguida, para colaborar en las fiestas y en la log\u00edstica de estas.<\/p>\n\n\n\n<p>La alcaldesa de la Bisbal del Pened\u00e8s, Agn\u00e8s Ferr\u00e9, felicita a los y las j\u00f3venes por esta iniciativa <em>&#8220;de organizar las fiestas. Desde que no hay asociaciones de propietarios en el Papagai no se hab\u00edan organizado fiestas de verano y, desde el Ayuntamiento de la Bisbal del Pened\u00e8s, les daremos todo nuestro apoyo. De hecho, ambos ayuntamientos trabajaremos conjuntamente para que puedan sacar adelante estos tres d\u00edas de actividades&#8221;.<\/em><\/p>\n\n\n\n<p>La reuni\u00f3n de este mi\u00e9rcoles 27 de julio se ha celebrado en la sala de plenos del Ayuntamiento de la Bisbal del Pened\u00e8s y ha contado con la participaci\u00f3n del alcalde de Sant Jaume, Marc Palau; la concejala de Fiestas y Juventud de Sant Jaume, Maria Dolors Miquel; la alcaldesa de la Bisbal del Pened\u00e8s, Agn\u00e8s Ferr\u00e9; el concejal de Fiestas del Ayuntamiento de la Bisbal del Pened\u00e8s, Feliu Gil; el concejal de Juventud del Ayuntamiento de la Bisbal del Pened\u00e8s, F\u00e9lix Villaz\u00e1n; y once vecinos y vecinas del Papagai (cinco j\u00f3venes y seis adultos, algunos de la parte de Sant Jaume y algunos de la parte de la Bisbal).<\/p>\n","protected":false},"excerpt":{"rendered":"<p>El Papagai celebrar\u00e0 les seves festes del 26 al 28 d&#8217;agost gr\u00e0cies a la iniciativa d&#8217;un grup de joves d&#8217;aquest barri. Aquest dimecres 27 de juliol els ajuntaments de Sant &hellip; <a href=\"https:\/\/bisbalpenedes.com\/web\/2022\/07\/28\/el-papagai-celebrara-les-seves-festes-a-finals-dagost-gracies-a-la-iniciativa-dun-grup-de-joves-les-festes-comptaran-amb-el-suport-dels-ajuntaments-de-la-bisbal-del-penedes-i-sant-jaume-dels-dom\/\" class=\"more-link\">Read More<\/a><\/p>\n","protected":false},"author":4,"featured_media":22804,"comment_status":"closed","ping_status":"closed","sticky":false,"template":"","format":"standard","meta":[],"categories":[4287,4668,4269,8],"tags":[459,393,24,1842],"_links":{"self":[{"href":"https:\/\/bisbalpenedes.com\/web\/wp-json\/wp\/v2\/posts\/22803"}],"collection":[{"href":"https:\/\/bisbalpenedes.com\/web\/wp-json\/wp\/v2\/posts"}],"about":[{"href":"https:\/\/bisbalpenedes.com\/web\/wp-json\/wp\/v2\/types\/post"}],"author":[{"embeddable":true,"href":"https:\/\/bisbalpenedes.com\/web\/wp-json\/wp\/v2\/users\/4"}],"replies":[{"embeddable":true,"href":"https:\/\/bisbalpenedes.com\/web\/wp-json\/wp\/v2\/comments?post=22803"}],"version-history":[{"count":1,"href":"https:\/\/bisbalpenedes.com\/web\/wp-json\/wp\/v2\/posts\/22803\/revisions"}],"predecessor-version":[{"id":22805,"href":"https:\/\/bisbalpenedes.com\/web\/wp-json\/wp\/v2\/posts\/22803\/revisions\/22805"}],"wp:featuredmedia":[{"embeddable":true,"href":"https:\/\/bisbalpenedes.com\/web\/wp-json\/wp\/v2\/media\/22804"}],"wp:attachment":[{"href":"https:\/\/bisbalpenedes.com\/web\/wp-json\/wp\/v2\/media?parent=22803"}],"wp:term":[{"taxonomy":"category","embeddable":true,"href":"https:\/\/bisbalpenedes.com\/web\/wp-json\/wp\/v2\/categories?post=22803"},{"taxonomy":"post_tag","embeddable":true,"href":"https:\/\/bisbalpenedes.com\/web\/wp-json\/wp\/v2\/tags?post=22803"}],"curies":[{"name":"wp","href":"https:\/\/api.w.org\/{rel}","templated":true}]}}