{"id":2280,"date":"2017-04-13T01:00:46","date_gmt":"2017-04-12T19:00:46","guid":{"rendered":"http:\/\/bisbalpenedes.com\/web\/?p=2280"},"modified":"2017-04-13T01:00:46","modified_gmt":"2017-04-12T19:00:46","slug":"la-regidoria-de-benestar-social-esta-fent-els-tramits-necessaris-per-poder-obrir-el-centre-de-dia","status":"publish","type":"post","link":"https:\/\/bisbalpenedes.com\/web\/2017\/04\/13\/la-regidoria-de-benestar-social-esta-fent-els-tramits-necessaris-per-poder-obrir-el-centre-de-dia\/","title":{"rendered":"La Regidoria de Benestar Social est\u00e0 fent els tr\u00e0mits necessaris per poder obrir el Centre de Dia"},"content":{"rendered":"<p><a href=\"http:\/\/bisbalpenedes.com\/web\/wp-content\/uploads\/2017\/04\/IMG_4212.jpg\"><img loading=\"lazy\" class=\"aligncenter size-medium wp-image-2281\" title=\"IMG_4212\" src=\"http:\/\/bisbalpenedes.com\/web\/wp-content\/uploads\/2017\/04\/IMG_4212-300x225.jpg\" alt=\"\" width=\"300\" height=\"225\" srcset=\"https:\/\/bisbalpenedes.com\/web\/wp-content\/uploads\/2017\/04\/IMG_4212-300x225.jpg 300w, https:\/\/bisbalpenedes.com\/web\/wp-content\/uploads\/2017\/04\/IMG_4212-600x450.jpg 600w, https:\/\/bisbalpenedes.com\/web\/wp-content\/uploads\/2017\/04\/IMG_4212-1024x768.jpg 1024w\" sizes=\"(max-width: 300px) 100vw, 300px\" \/><\/a><\/p>\n<blockquote>\n<blockquote id=\"mail-app-auto-quote\" cite=\"14919917340000007519\">\n<div id=\"style_14919917340000007519_BODY\">\n<p style=\"text-align: justify;\">\u00a0 \u00a0 \u00a0 \u00a0 \u00a0 La Regidoria de Benestar Social de l&#8217;Ajuntament de La Bisbal del Pened\u00e8s est\u00e0 treballant en la tramitaci\u00f3 de les altes dels serveis d\u2019aigua i llum del Centre de dia. Es d\u00f3na el cas que l\u2019anterior equip de govern, tot i haver inaugurat l\u2019equipament el mar\u00e7 del 2015, no havia fet els tr\u00e0mits i inspeccions corresponents per comptar amb els serveis i subministraments b\u00e0sics i, la llum, estava connectada directament a la xarxa el\u00e8ctrica p\u00fablica sense passar per comptador.<\/p>\n<p style=\"text-align: justify;\">\u00a0 \u00a0 \u00a0 \u00a0 \u00a0 Ara la Regidoria de Benestar Social est\u00e0 sol\u00b7licitant les inspeccions t\u00e8cniques obligat\u00f2ries i gestionant els permisos necessaris amb la finalitat de legalitzar la instal\u00b7laci\u00f3 el\u00e8ctrica interna i externa del Centre.<\/p>\n<p style=\"text-align: justify;\">\u00a0 \u00a0 \u00a0 \u00a0 \u00a0 Tamb\u00e9 est\u00e0 fent els tr\u00e0mits necessaris per a l\u2019obertura de l\u2019equipament a la Generalitat de Catalunya, ja que no s\u2019havia fet cap pas en aquest sentit i l\u2019objectiu que l\u2019actual equip de govern \u00e9s poder-lo posar en funcionament el m\u00e9s aviat possible.<\/p>\n<\/div>\n<\/blockquote>\n<\/blockquote>\n<div>\n<blockquote cite=\"14919917340000007519\">\n<div>\n<div>\n<p style=\"text-align: justify;\"><strong><br \/>\n<\/strong><\/p>\n<\/div>\n<\/div>\n<\/blockquote>\n<\/div>\n","protected":false},"excerpt":{"rendered":"<p>\u00a0 \u00a0 \u00a0 \u00a0 \u00a0 La Regidoria de Benestar Social de l&#8217;Ajuntament de La Bisbal del Pened\u00e8s est\u00e0 treballant en la tramitaci\u00f3 de les altes dels serveis d\u2019aigua i llum &hellip; <a href=\"https:\/\/bisbalpenedes.com\/web\/2017\/04\/13\/la-regidoria-de-benestar-social-esta-fent-els-tramits-necessaris-per-poder-obrir-el-centre-de-dia\/\" class=\"more-link\">Read More<\/a><\/p>\n","protected":false},"author":4,"featured_media":2281,"comment_status":"closed","ping_status":"closed","sticky":false,"template":"","format":"standard","meta":[],"categories":[4,17],"tags":[315,132,316],"_links":{"self":[{"href":"https:\/\/bisbalpenedes.com\/web\/wp-json\/wp\/v2\/posts\/2280"}],"collection":[{"href":"https:\/\/bisbalpenedes.com\/web\/wp-json\/wp\/v2\/posts"}],"about":[{"href":"https:\/\/bisbalpenedes.com\/web\/wp-json\/wp\/v2\/types\/post"}],"author":[{"embeddable":true,"href":"https:\/\/bisbalpenedes.com\/web\/wp-json\/wp\/v2\/users\/4"}],"replies":[{"embeddable":true,"href":"https:\/\/bisbalpenedes.com\/web\/wp-json\/wp\/v2\/comments?post=2280"}],"version-history":[{"count":2,"href":"https:\/\/bisbalpenedes.com\/web\/wp-json\/wp\/v2\/posts\/2280\/revisions"}],"predecessor-version":[{"id":2283,"href":"https:\/\/bisbalpenedes.com\/web\/wp-json\/wp\/v2\/posts\/2280\/revisions\/2283"}],"wp:featuredmedia":[{"embeddable":true,"href":"https:\/\/bisbalpenedes.com\/web\/wp-json\/wp\/v2\/media\/2281"}],"wp:attachment":[{"href":"https:\/\/bisbalpenedes.com\/web\/wp-json\/wp\/v2\/media?parent=2280"}],"wp:term":[{"taxonomy":"category","embeddable":true,"href":"https:\/\/bisbalpenedes.com\/web\/wp-json\/wp\/v2\/categories?post=2280"},{"taxonomy":"post_tag","embeddable":true,"href":"https:\/\/bisbalpenedes.com\/web\/wp-json\/wp\/v2\/tags?post=2280"}],"curies":[{"name":"wp","href":"https:\/\/api.w.org\/{rel}","templated":true}]}}