{"id":22799,"date":"2022-07-28T07:45:17","date_gmt":"2022-07-28T05:45:17","guid":{"rendered":"https:\/\/bisbalpenedes.com\/web\/?p=22799"},"modified":"2022-07-28T07:45:17","modified_gmt":"2022-07-28T05:45:17","slug":"ladf-clot-de-bou-i-lajuntament-signen-un-conveni-per-a-lany-2022","status":"publish","type":"post","link":"https:\/\/bisbalpenedes.com\/web\/2022\/07\/28\/ladf-clot-de-bou-i-lajuntament-signen-un-conveni-per-a-lany-2022\/","title":{"rendered":"L&#8217;ADF Clot de Bou i l&#8217;Ajuntament signen un conveni per a l&#8217;any 2022"},"content":{"rendered":"\n<p>La Junta de Govern del dilluns 25 de juliol va aprovar un conveni amb l&#8217;ADF Clot de Bou per a l&#8217;any 2022 perqu\u00e8 l&#8217;entitat col\u00b7labori contra els incendis forestals i en el Pla d&#8217;Actuaci\u00f3 Municipal. Mitjan\u00e7ant aquest conveni l&#8217;ajuntament bisbalenc aporta la quantitat de 5.000\u20ac a l&#8217;ADF Clot de Bou, que es compromet a participar en les tasques de prevenci\u00f3 d&#8217;incendis en aquells actes que organitzi l&#8217;Ajuntament, com ara espectacles pirot\u00e8cnics, i en les actuacions sobre l&#8217;arbrat p\u00fablic i la neteja vi\u00e0ria en casos excepcionals. A m\u00e9s, el conveni de col\u00b7laboraci\u00f3 posa especial \u00e8mfasi en la col\u00b7laboraci\u00f3 priorit\u00e0ria de l&#8217;entitat en cas que s&#8217;hagin d&#8217;extingir incendis forestals o prevenir-los i en situacions declarades d&#8217;alt risc d&#8217;incendi.<\/p>\n\n\n\n<p>El conveni amb l&#8217;ADF Clot de Bou s&#8217;ha signat aquest dimecres 27 de juliol i l&#8217;entitat haur\u00e0 de justificar, com a m\u00e0xim el 31 de gener de 2023, l&#8217;aplicaci\u00f3 de la subvenci\u00f3 concedida mitjan\u00e7ant la documentaci\u00f3 que li requereixi l&#8217;Ajuntament.<\/p>\n\n\n\n<hr class=\"wp-block-separator has-alpha-channel-opacity\"\/>\n\n\n\n<p>La Junta de Gobierno del lunes 25 de julio aprob\u00f3 un convenio con la ADF Clot de Bou para el a\u00f1o 2022 para que la entidad colabore contra los incendios forestales y en el Plan de Actuaci\u00f3n Municipal. Mediante este convenio el ayuntamiento bisbalense aporta la cantidad de 5.000\u20ac a la ADF Clot de Bou, que se compromete a participar en las tareas de prevenci\u00f3n de incendios en aquellos actos que organice el Ayuntamiento, como por ejemplo espect\u00e1culos pirot\u00e9cnicos, y en las actuaciones sobre el arbolado p\u00fablico y la limpieza vial en casos excepcionales. Adem\u00e1s, el convenio de colaboraci\u00f3n pone especial \u00e9nfasis en la colaboraci\u00f3n prioritaria de la entidad en casos en el caso en el que se tengan que extinguir incendios forestales o prevenirlos y en situaciones declaradas de alto riesgo de incendio.<\/p>\n\n\n\n<p>El convenio con la ADF Clot de Bou se ha firmado este mi\u00e9rcoles 27 de julio y la entidad deber\u00e1 justificar, como m\u00e1ximo el 31 de enero de 2023, la aplicaci\u00f3n de la subvenci\u00f3n concedida mediante la documentaci\u00f3n que le requiera el Ayuntamiento.<\/p>\n","protected":false},"excerpt":{"rendered":"<p>La Junta de Govern del dilluns 25 de juliol va aprovar un conveni amb l&#8217;ADF Clot de Bou per a l&#8217;any 2022 perqu\u00e8 l&#8217;entitat col\u00b7labori contra els incendis forestals i &hellip; <a href=\"https:\/\/bisbalpenedes.com\/web\/2022\/07\/28\/ladf-clot-de-bou-i-lajuntament-signen-un-conveni-per-a-lany-2022\/\" class=\"more-link\">Read More<\/a><\/p>\n","protected":false},"author":4,"featured_media":22800,"comment_status":"closed","ping_status":"closed","sticky":false,"template":"","format":"standard","meta":[],"categories":[20,32,8],"tags":[1775,459,860,440,295,2216,393,3326],"_links":{"self":[{"href":"https:\/\/bisbalpenedes.com\/web\/wp-json\/wp\/v2\/posts\/22799"}],"collection":[{"href":"https:\/\/bisbalpenedes.com\/web\/wp-json\/wp\/v2\/posts"}],"about":[{"href":"https:\/\/bisbalpenedes.com\/web\/wp-json\/wp\/v2\/types\/post"}],"author":[{"embeddable":true,"href":"https:\/\/bisbalpenedes.com\/web\/wp-json\/wp\/v2\/users\/4"}],"replies":[{"embeddable":true,"href":"https:\/\/bisbalpenedes.com\/web\/wp-json\/wp\/v2\/comments?post=22799"}],"version-history":[{"count":1,"href":"https:\/\/bisbalpenedes.com\/web\/wp-json\/wp\/v2\/posts\/22799\/revisions"}],"predecessor-version":[{"id":22801,"href":"https:\/\/bisbalpenedes.com\/web\/wp-json\/wp\/v2\/posts\/22799\/revisions\/22801"}],"wp:featuredmedia":[{"embeddable":true,"href":"https:\/\/bisbalpenedes.com\/web\/wp-json\/wp\/v2\/media\/22800"}],"wp:attachment":[{"href":"https:\/\/bisbalpenedes.com\/web\/wp-json\/wp\/v2\/media?parent=22799"}],"wp:term":[{"taxonomy":"category","embeddable":true,"href":"https:\/\/bisbalpenedes.com\/web\/wp-json\/wp\/v2\/categories?post=22799"},{"taxonomy":"post_tag","embeddable":true,"href":"https:\/\/bisbalpenedes.com\/web\/wp-json\/wp\/v2\/tags?post=22799"}],"curies":[{"name":"wp","href":"https:\/\/api.w.org\/{rel}","templated":true}]}}