{"id":22787,"date":"2022-07-27T20:39:46","date_gmt":"2022-07-27T18:39:46","guid":{"rendered":"https:\/\/bisbalpenedes.com\/web\/?p=22787"},"modified":"2022-07-27T20:39:46","modified_gmt":"2022-07-27T18:39:46","slug":"lassociacio-de-cors-antistiana-i-lajuntament-signen-un-conveni-per-a-lany-2022","status":"publish","type":"post","link":"https:\/\/bisbalpenedes.com\/web\/2022\/07\/27\/lassociacio-de-cors-antistiana-i-lajuntament-signen-un-conveni-per-a-lany-2022\/","title":{"rendered":"L&#8217;Associaci\u00f3 de Cors Antistiana i l&#8217;Ajuntament signen un conveni per a l&#8217;any 2022"},"content":{"rendered":"\n<p>La Junta de Govern del 25 de juliol va aprovar, per primera vegada, un conveni amb l&#8217;Associaci\u00f3 de Cors Antistiana. L&#8217;Ajuntament aporta 4.000\u20ac a l&#8217;associaci\u00f3 com a entitat que promou la cultura i, concretament, la m\u00fasica i l&#8217;orgue de la Bisbal. Per tot aix\u00f2, s&#8217;ha aprovat aquest conveni que, posteriorment, s&#8217;ha signat amb l&#8217;entitat.<\/p>\n\n\n\n<p>Mitjan\u00e7ant el conveni, l&#8217;Ajuntament de La Bisbal del Pened\u00e8s col\u00b7labora en el finan\u00e7ament de les despeses derivades de l&#8217;organitzaci\u00f3 i participaci\u00f3 en les seg\u00fcents activitats previstes per a l&#8217;any 2022:<\/p>\n\n\n\n<ul><li>Concerts a l&#8217;esgl\u00e9sia de Santa Maria durant el 2022<\/li><li>Altres activitats durant l&#8217;any<\/li><li>Manteniment de l&#8217;orgue<\/li><li>Manteniment i afinaci\u00f3 del piano de cua<\/li><\/ul>\n\n\n\n<p>L&#8217;entitat haur\u00e0 de justificar, com a m\u00e0xim el 31 de gener de 2023, l&#8217;aplicaci\u00f3 de la subvenci\u00f3 concedida mitjan\u00e7ant la documentaci\u00f3 que li requereixi l&#8217;Ajuntament.<\/p>\n\n\n\n<hr class=\"wp-block-separator has-alpha-channel-opacity\"\/>\n\n\n\n<p><strong>CASTELLANO |<\/strong>\u00a0La Junta de Gobierno del 25 de julio aprob\u00f3, por primera vez, un convenio con la Associaci\u00f3 de Cors Antistiana. El Ayuntamiento aporta 4.000\u20ac a la asociaci\u00f3n como entidad que promueve la cultura y, concretamente, la m\u00fasica y el \u00f3rgano de la Bisbal. Por todo ello, se ha aprobado este convenio que, posteriormente, se ha firmado con la entidad.<\/p>\n\n\n\n<p>Mediante el convenio, el Ayuntamiento de la Bisbal del Pened\u00e8s colabora en la financiaci\u00f3n de los gastos derivados de la organizaci\u00f3n y participaci\u00f3n en las siguientes actividades previstas para el a\u00f1o 2022:<\/p>\n\n\n\n<ul><li>Conciertos en la iglesia de Santa Mar\u00eda durante el 2022<\/li><li>Otras actividades durante el a\u00f1o<\/li><li>Mantenimiento del \u00f3rgano<\/li><li>Mantenimiento y afinaci\u00f3n del piano de cola<\/li><\/ul>\n\n\n\n<p>La entidad deber\u00e1 justificar, como m\u00e1ximo el 31 de enero de 2023, la aplicaci\u00f3n de la subvenci\u00f3n concedida mediante la documentaci\u00f3n que le requiera el Ayuntamiento.<\/p>\n","protected":false},"excerpt":{"rendered":"<p>La Junta de Govern del 25 de juliol va aprovar, per primera vegada, un conveni amb l&#8217;Associaci\u00f3 de Cors Antistiana. L&#8217;Ajuntament aporta 4.000\u20ac a l&#8217;associaci\u00f3 com a entitat que promou &hellip; <a href=\"https:\/\/bisbalpenedes.com\/web\/2022\/07\/27\/lassociacio-de-cors-antistiana-i-lajuntament-signen-un-conveni-per-a-lany-2022\/\" class=\"more-link\">Read More<\/a><\/p>\n","protected":false},"author":4,"featured_media":22788,"comment_status":"closed","ping_status":"closed","sticky":false,"template":"","format":"standard","meta":[],"categories":[13,20,8,2809],"tags":[2455,5422,3419,440,2810,2047,393,989,5423,99],"_links":{"self":[{"href":"https:\/\/bisbalpenedes.com\/web\/wp-json\/wp\/v2\/posts\/22787"}],"collection":[{"href":"https:\/\/bisbalpenedes.com\/web\/wp-json\/wp\/v2\/posts"}],"about":[{"href":"https:\/\/bisbalpenedes.com\/web\/wp-json\/wp\/v2\/types\/post"}],"author":[{"embeddable":true,"href":"https:\/\/bisbalpenedes.com\/web\/wp-json\/wp\/v2\/users\/4"}],"replies":[{"embeddable":true,"href":"https:\/\/bisbalpenedes.com\/web\/wp-json\/wp\/v2\/comments?post=22787"}],"version-history":[{"count":2,"href":"https:\/\/bisbalpenedes.com\/web\/wp-json\/wp\/v2\/posts\/22787\/revisions"}],"predecessor-version":[{"id":22793,"href":"https:\/\/bisbalpenedes.com\/web\/wp-json\/wp\/v2\/posts\/22787\/revisions\/22793"}],"wp:featuredmedia":[{"embeddable":true,"href":"https:\/\/bisbalpenedes.com\/web\/wp-json\/wp\/v2\/media\/22788"}],"wp:attachment":[{"href":"https:\/\/bisbalpenedes.com\/web\/wp-json\/wp\/v2\/media?parent=22787"}],"wp:term":[{"taxonomy":"category","embeddable":true,"href":"https:\/\/bisbalpenedes.com\/web\/wp-json\/wp\/v2\/categories?post=22787"},{"taxonomy":"post_tag","embeddable":true,"href":"https:\/\/bisbalpenedes.com\/web\/wp-json\/wp\/v2\/tags?post=22787"}],"curies":[{"name":"wp","href":"https:\/\/api.w.org\/{rel}","templated":true}]}}