{"id":22783,"date":"2022-07-27T19:49:27","date_gmt":"2022-07-27T17:49:27","guid":{"rendered":"https:\/\/bisbalpenedes.com\/web\/?p=22783"},"modified":"2022-07-27T19:53:07","modified_gmt":"2022-07-27T17:53:07","slug":"la-societat-i-lajuntament-signen-un-conveni-per-a-lany-2022","status":"publish","type":"post","link":"https:\/\/bisbalpenedes.com\/web\/2022\/07\/27\/la-societat-i-lajuntament-signen-un-conveni-per-a-lany-2022\/","title":{"rendered":"La Societat i l&#8217;Ajuntament signen un conveni per a l&#8217;any 2022"},"content":{"rendered":"\n<p>La Junta de Govern del 25 de juliol va aprovar un conveni amb la Societat Cultural i Recreativa Bisbalenca per a l&#8217;any 2022. Mitjan\u00e7ant aquest conveni, l&#8217;Ajuntament col\u00b7labora amb 12.000\u20ac en el finan\u00e7ament de les despeses derivades de l&#8217;organitzaci\u00f3 i participaci\u00f3 en diverses activitats de l&#8217;any 2022 que promouen la cultura, les festes populars, l&#8217;associacionisme, la conviv\u00e8ncia i la cohesi\u00f3 social a trav\u00e9s de les seccions de l&#8217;entitat: escacs, teatre i grup de geganters, grallers i tabalers.<\/p>\n\n\n\n<p>Concretament, l&#8217;Ajuntament col\u00b7labora en el finan\u00e7ament de les seg\u00fcents activitats:<\/p>\n\n\n\n<ul><li>Organitzaci\u00f3 de la Festa Major d&#8217;hivern i de la Festa Major Xica d&#8217;estiu, al local de l&#8217;entitat i pels carrers de la vila.<\/li><li>Organitzaci\u00f3 del curs de gralla i tambor per als membres del Grup de Geganters i grallers de l&#8217;entitat, que t\u00e9 lloc durant els mesos de gener a juny i d&#8217;octubre a desembre.<\/li><li>Actuacions del Grup de Geganters i Grallers de l&#8217;entitat al municipi durant l&#8217;any 2022 amb ocasi\u00f3 de la rebuda de la Flama del Canig\u00f3, les cercaviles de la Festa Major d&#8217;estiu i altres participacions en actes organitzats per la Regidoria de Cultura de l&#8217;Ajuntament de la Bisbal del Pened\u00e8s.<\/li><li>Organitzaci\u00f3 d&#8217;altres activitats i festes durant l&#8217;any 2022.<\/li><li>Petit material necessari per a l&#8217;organitzaci\u00f3 de les activitats esmentades.<\/li><\/ul>\n\n\n\n<p>L&#8217;entitat haur\u00e0 de justificar, com a m\u00e0xim el 31 de gener de 2023, l&#8217;aplicaci\u00f3 de la subvenci\u00f3 concedida mitjan\u00e7ant la documentaci\u00f3 que li requereixi l&#8217;Ajuntament.<\/p>\n\n\n\n<hr class=\"wp-block-separator has-alpha-channel-opacity\"\/>\n\n\n\n<p><strong>CASTELLANO |<\/strong>\u00a0La Junta de Gobierno del 25 de julio aprob\u00f3 un convenio con la Societat Cultural i Recreativa Bisbalenca para el a\u00f1o 2022. Mediante este convenio, el Ayuntamiento colabora con 12.000\u20ac en la financiaci\u00f3n de los gastos derivados de la organizaci\u00f3n y participaci\u00f3n en varias actividades del a\u00f1o 2022 que promueven la cultura, las fiestas populares, el asociacionismo, la convivencia y la cohesi\u00f3n social a trav\u00e9s de las secciones de la entidad: ajedrez, teatro y grupo de <em>geganters, grallers y tabalers.<\/em><\/p>\n\n\n\n<p>Concretamente, el Ayuntamiento colabora en la financiaci\u00f3n de las siguientes actividades:<\/p>\n\n\n\n<ul><li>Organizaci\u00f3n de la Fiesta Mayor de invierno y de la Fiesta Mayor <em>Xica<\/em> de verano, en el local de la entidad y por las calles del municipio.<\/li><li>Organizaci\u00f3n del curso de<em> gralla <\/em>y tambor para los miembros del Grupo de <em>Geganters i Grallers<\/em> de la entidad, que tiene lugar durante los meses de enero a junio y de octubre a diciembre.<\/li><li>Actuaciones del Grupo de <em>Geganters i Grallers<\/em> de la entidad en el municipio durante el a\u00f1o 2022 con ocasi\u00f3n de la recepci\u00f3n de la Flama del Canig\u00f3, los pasacalles de la Fiesta Mayor de verano y otras participaciones en actos organizados por la Concejal\u00eda de Cultura del Ayuntamiento de la Bisbal del Pened\u00e8s.<\/li><li>Organizaci\u00f3n de otras actividades y fiestas durante el a\u00f1o 2022.<\/li><li>Peque\u00f1o material necesario para la organizaci\u00f3n de las citadas actividades.<\/li><\/ul>\n\n\n\n<p>La entidad deber\u00e1 justificar, como m\u00e1ximo el d\u00eda 31 de enero de 2023, la aplicaci\u00f3n de la subvenci\u00f3n concedida mediante la documentaci\u00f3n que le requiera el Ayuntamiento.<\/p>\n","protected":false},"excerpt":{"rendered":"<p>La Junta de Govern del 25 de juliol va aprovar un conveni amb la Societat Cultural i Recreativa Bisbalenca per a l&#8217;any 2022. Mitjan\u00e7ant aquest conveni, l&#8217;Ajuntament col\u00b7labora amb 12.000\u20ac &hellip; <a href=\"https:\/\/bisbalpenedes.com\/web\/2022\/07\/27\/la-societat-i-lajuntament-signen-un-conveni-per-a-lany-2022\/\" class=\"more-link\">Read More<\/a><\/p>\n","protected":false},"author":4,"featured_media":22784,"comment_status":"closed","ping_status":"closed","sticky":false,"template":"","format":"standard","meta":[],"categories":[13,20,8,2809],"tags":[459,5421,351,5420,631,553,704,393,1374,2776,5311],"_links":{"self":[{"href":"https:\/\/bisbalpenedes.com\/web\/wp-json\/wp\/v2\/posts\/22783"}],"collection":[{"href":"https:\/\/bisbalpenedes.com\/web\/wp-json\/wp\/v2\/posts"}],"about":[{"href":"https:\/\/bisbalpenedes.com\/web\/wp-json\/wp\/v2\/types\/post"}],"author":[{"embeddable":true,"href":"https:\/\/bisbalpenedes.com\/web\/wp-json\/wp\/v2\/users\/4"}],"replies":[{"embeddable":true,"href":"https:\/\/bisbalpenedes.com\/web\/wp-json\/wp\/v2\/comments?post=22783"}],"version-history":[{"count":4,"href":"https:\/\/bisbalpenedes.com\/web\/wp-json\/wp\/v2\/posts\/22783\/revisions"}],"predecessor-version":[{"id":22792,"href":"https:\/\/bisbalpenedes.com\/web\/wp-json\/wp\/v2\/posts\/22783\/revisions\/22792"}],"wp:featuredmedia":[{"embeddable":true,"href":"https:\/\/bisbalpenedes.com\/web\/wp-json\/wp\/v2\/media\/22784"}],"wp:attachment":[{"href":"https:\/\/bisbalpenedes.com\/web\/wp-json\/wp\/v2\/media?parent=22783"}],"wp:term":[{"taxonomy":"category","embeddable":true,"href":"https:\/\/bisbalpenedes.com\/web\/wp-json\/wp\/v2\/categories?post=22783"},{"taxonomy":"post_tag","embeddable":true,"href":"https:\/\/bisbalpenedes.com\/web\/wp-json\/wp\/v2\/tags?post=22783"}],"curies":[{"name":"wp","href":"https:\/\/api.w.org\/{rel}","templated":true}]}}