{"id":22755,"date":"2022-07-26T16:13:30","date_gmt":"2022-07-26T14:13:30","guid":{"rendered":"https:\/\/bisbalpenedes.com\/web\/?p=22755"},"modified":"2022-07-26T16:13:30","modified_gmt":"2022-07-26T14:13:30","slug":"sha-convocat-un-ple-extraordinari-a-peticio-de-quatre-membres-de-loposicio-per-al-divendres-29-de-juliol-a-les-13h","status":"publish","type":"post","link":"https:\/\/bisbalpenedes.com\/web\/2022\/07\/26\/sha-convocat-un-ple-extraordinari-a-peticio-de-quatre-membres-de-loposicio-per-al-divendres-29-de-juliol-a-les-13h\/","title":{"rendered":"S&#8217;ha convocat un Ple extraordinari a petici\u00f3 de quatre membres de l&#8217;oposici\u00f3 per al divendres 29 de juliol a les 13h"},"content":{"rendered":"\n<p>El divendres 29 de juliol a les 13:00h tindr\u00e0 lloc un Ple extraordinari a l&#8217;Ajuntament de la Bisbal del Pened\u00e8s. Aquest Ple es convoca per la sol\u00b7licitud de convocat\u00f2ria presentada pels regidors Daniel Caballero i Jos\u00e9 Mar\u00eda Cuadros del PSC, Xavier Faura d\u2019Units-FIC i S\u00edlvia Monfort d\u2019ERC-AM.<\/p>\n\n\n\n<p>L&#8217;ordre del dia \u00e9s el seg\u00fcent:<\/p>\n\n\n\n<p><strong>PRIMER:<\/strong> <em>\u201cLa Constituci\u00f3 d\u2019una taula de di\u00e0leg formada pels portaveus dels grups municipals del ple amb els representants del Club<br>Segle XX a fi de trobar una soluci\u00f3 pol\u00edtica, elaborada i presentada a iniciativa de ERC, PSC i UniTS-FIC\u201d.<\/em><br><br><strong>SEGON:<\/strong> <em>\u201dAprovaci\u00f3 de l\u2019Ordenan\u00e7a municipal sobre soroll i vibracions, elaborada i presentada a iniciativa d\u2019ERC\u201d.<\/em><\/p>\n\n\n\n<p><strong>TERCER: <\/strong><em>\u201cAprovaci\u00f3 MOCI\u00d3 Pel suport municipal als\u00a0 ciutadans davant dels talls d\u2019aigua. Elaborada i presenta a iniciativa del ERC, PSC i UniTS-FIC\u201d.<\/em><\/p>\n\n\n\n<p>Com \u00e9s habitual, posteriorment es podr\u00e0 veure l&#8217;enregistrament en v\u00eddeo a Youtube.<\/p>\n\n\n\n<hr class=\"wp-block-separator has-alpha-channel-opacity\"\/>\n\n\n\n<p>El viernes 29 de julio a las 13:00h tendr\u00e1 lugar un Pleno extraordinario en el Ayuntamiento de la Bisbal del Pened\u00e8s. Este Pleno se convoca por la solicitud de convocatoria presentada por los concejales Daniel Caballero y Jos\u00e9 Mar\u00eda Cuadros del PSC, Xavier Faura de UniTS-FIC y S\u00edlvia Monfort de ERC-AM.<\/p>\n\n\n\n<p>El orden del d\u00eda es el siguiente:<\/p>\n\n\n\n<p><strong>PRIMERO:<\/strong> <em>&#8220;La Constituci\u00f3n de una mesa de di\u00e1logo formada por los portavoces de los grupos municipales del pleno con los representantes del Club Segle XX con el objetivo de encontrar una soluci\u00f3n pol\u00edtica, elaborada y presentada a iniciativa de ERC, PSC y Units-FIC&#8221;.<\/em><\/p>\n\n\n\n<p><strong>SEGUNDO: <\/strong><em>&#8220;Aprobaci\u00f3n de la Ordenanza municipal sobre ruido y vibraciones elaborada a iniciativa de ERC&#8221;.<\/em><\/p>\n\n\n\n<p><strong>TERCERO:<\/strong> <em>&#8220;Aprobaci\u00f3n MOCI\u00d3N Por el apoyo municipal a los ciudadanos ante los cortes de agua. Elaborada y presenta a iniciativa del ERC, PSC y UniTS-FIC&#8221;<\/em>.<\/p>\n\n\n\n<p>Como es habitual, posteriormente se podr\u00e1 ver la grabaci\u00f3n en v\u00eddeo en Youtube.<\/p>\n","protected":false},"excerpt":{"rendered":"<p>El divendres 29 de juliol a les 13:00h tindr\u00e0 lloc un Ple extraordinari a l&#8217;Ajuntament de la Bisbal del Pened\u00e8s. Aquest Ple es convoca per la sol\u00b7licitud de convocat\u00f2ria presentada &hellip; <a href=\"https:\/\/bisbalpenedes.com\/web\/2022\/07\/26\/sha-convocat-un-ple-extraordinari-a-peticio-de-quatre-membres-de-loposicio-per-al-divendres-29-de-juliol-a-les-13h\/\" class=\"more-link\">Read More<\/a><\/p>\n","protected":false},"author":4,"featured_media":20647,"comment_status":"closed","ping_status":"closed","sticky":false,"template":"","format":"standard","meta":[],"categories":[8,2250],"tags":[459,393,139,3779,423],"_links":{"self":[{"href":"https:\/\/bisbalpenedes.com\/web\/wp-json\/wp\/v2\/posts\/22755"}],"collection":[{"href":"https:\/\/bisbalpenedes.com\/web\/wp-json\/wp\/v2\/posts"}],"about":[{"href":"https:\/\/bisbalpenedes.com\/web\/wp-json\/wp\/v2\/types\/post"}],"author":[{"embeddable":true,"href":"https:\/\/bisbalpenedes.com\/web\/wp-json\/wp\/v2\/users\/4"}],"replies":[{"embeddable":true,"href":"https:\/\/bisbalpenedes.com\/web\/wp-json\/wp\/v2\/comments?post=22755"}],"version-history":[{"count":1,"href":"https:\/\/bisbalpenedes.com\/web\/wp-json\/wp\/v2\/posts\/22755\/revisions"}],"predecessor-version":[{"id":22756,"href":"https:\/\/bisbalpenedes.com\/web\/wp-json\/wp\/v2\/posts\/22755\/revisions\/22756"}],"wp:featuredmedia":[{"embeddable":true,"href":"https:\/\/bisbalpenedes.com\/web\/wp-json\/wp\/v2\/media\/20647"}],"wp:attachment":[{"href":"https:\/\/bisbalpenedes.com\/web\/wp-json\/wp\/v2\/media?parent=22755"}],"wp:term":[{"taxonomy":"category","embeddable":true,"href":"https:\/\/bisbalpenedes.com\/web\/wp-json\/wp\/v2\/categories?post=22755"},{"taxonomy":"post_tag","embeddable":true,"href":"https:\/\/bisbalpenedes.com\/web\/wp-json\/wp\/v2\/tags?post=22755"}],"curies":[{"name":"wp","href":"https:\/\/api.w.org\/{rel}","templated":true}]}}