{"id":22742,"date":"2022-07-25T10:29:38","date_gmt":"2022-07-25T08:29:38","guid":{"rendered":"https:\/\/bisbalpenedes.com\/web\/?p=22742"},"modified":"2022-07-25T10:29:38","modified_gmt":"2022-07-25T08:29:38","slug":"el-divendres-29-de-juliol-comenca-el-termini-per-abonar-liae-i-el-segon-rebut-descombraries-en-periode-voluntari","status":"publish","type":"post","link":"https:\/\/bisbalpenedes.com\/web\/2022\/07\/25\/el-divendres-29-de-juliol-comenca-el-termini-per-abonar-liae-i-el-segon-rebut-descombraries-en-periode-voluntari\/","title":{"rendered":"El divendres 29 de juliol comen\u00e7a el termini per abonar l&#8217;IAE i el segon rebut d&#8217;escombraries en per\u00edode voluntari"},"content":{"rendered":"\n<p>El divendres 29 de juliol comen\u00e7a el termini per abonar, en per\u00edode voluntari, l&#8217;Impost sobre activitats econ\u00f2miques i la taxa de recollida de residus (2n rebut).<br>Per a qualsevol dubte o consulta us podeu adre\u00e7ar a BASE. Trobareu la informaci\u00f3 de contacte a l&#8217;enlla\u00e7, on tamb\u00e9 podeu fer els abonaments: <a href=\"https:\/\/www.base.cat\/web\/ca\/ciutadans\/index.html\">https:\/\/www.base.cat\/web\/ca\/ciutadans\/index.html<\/a><\/p>\n\n\n\n<hr class=\"wp-block-separator has-alpha-channel-opacity\"\/>\n\n\n\n<p>CALENDARIO FISCAL | El viernes 29 de julio empieza el plazo para abonar, en periodo voluntario, la tasa de recogida de basuras (primer recibo) y el impuesto sobre veh\u00edculos de tracci\u00f3n mec\u00e1nica.<br>Para cualquier duda o consulta os pod\u00e9is dirigir a BASE. Encontrar\u00e9is la informaci\u00f3n de contacto en el enlace, donde tambi\u00e9n pod\u00e9is hacer los abonos: <a href=\"https:\/\/www.base.cat\/web\/ca\/ciutadans\/index.html\">https:\/\/www.base.cat\/web\/ca\/ciutadans\/index.html<\/a><\/p>\n","protected":false},"excerpt":{"rendered":"<p>El divendres 29 de juliol comen\u00e7a el termini per abonar, en per\u00edode voluntari, l&#8217;Impost sobre activitats econ\u00f2miques i la taxa de recollida de residus (2n rebut).Per a qualsevol dubte o &hellip; <a href=\"https:\/\/bisbalpenedes.com\/web\/2022\/07\/25\/el-divendres-29-de-juliol-comenca-el-termini-per-abonar-liae-i-el-segon-rebut-descombraries-en-periode-voluntari\/\" class=\"more-link\">Read More<\/a><\/p>\n","protected":false},"author":4,"featured_media":21391,"comment_status":"closed","ping_status":"closed","sticky":false,"template":"","format":"standard","meta":[],"categories":[1628,3835,8],"tags":[],"_links":{"self":[{"href":"https:\/\/bisbalpenedes.com\/web\/wp-json\/wp\/v2\/posts\/22742"}],"collection":[{"href":"https:\/\/bisbalpenedes.com\/web\/wp-json\/wp\/v2\/posts"}],"about":[{"href":"https:\/\/bisbalpenedes.com\/web\/wp-json\/wp\/v2\/types\/post"}],"author":[{"embeddable":true,"href":"https:\/\/bisbalpenedes.com\/web\/wp-json\/wp\/v2\/users\/4"}],"replies":[{"embeddable":true,"href":"https:\/\/bisbalpenedes.com\/web\/wp-json\/wp\/v2\/comments?post=22742"}],"version-history":[{"count":1,"href":"https:\/\/bisbalpenedes.com\/web\/wp-json\/wp\/v2\/posts\/22742\/revisions"}],"predecessor-version":[{"id":22744,"href":"https:\/\/bisbalpenedes.com\/web\/wp-json\/wp\/v2\/posts\/22742\/revisions\/22744"}],"wp:featuredmedia":[{"embeddable":true,"href":"https:\/\/bisbalpenedes.com\/web\/wp-json\/wp\/v2\/media\/21391"}],"wp:attachment":[{"href":"https:\/\/bisbalpenedes.com\/web\/wp-json\/wp\/v2\/media?parent=22742"}],"wp:term":[{"taxonomy":"category","embeddable":true,"href":"https:\/\/bisbalpenedes.com\/web\/wp-json\/wp\/v2\/categories?post=22742"},{"taxonomy":"post_tag","embeddable":true,"href":"https:\/\/bisbalpenedes.com\/web\/wp-json\/wp\/v2\/tags?post=22742"}],"curies":[{"name":"wp","href":"https:\/\/api.w.org\/{rel}","templated":true}]}}