{"id":22730,"date":"2022-07-22T16:05:04","date_gmt":"2022-07-22T14:05:04","guid":{"rendered":"https:\/\/bisbalpenedes.com\/web\/?p=22730"},"modified":"2022-07-22T16:05:40","modified_gmt":"2022-07-22T14:05:40","slug":"sajorna-la-celebracio-de-la-festa-del-barri-de-la-pineda-de-santa-cristina-i-la-votacio-dels-pressupostos-participatius-en-aquest-barri","status":"publish","type":"post","link":"https:\/\/bisbalpenedes.com\/web\/2022\/07\/22\/sajorna-la-celebracio-de-la-festa-del-barri-de-la-pineda-de-santa-cristina-i-la-votacio-dels-pressupostos-participatius-en-aquest-barri\/","title":{"rendered":"S\u2019ajorna la celebraci\u00f3 de la festa del barri de la Pineda de Santa Cristina i la votaci\u00f3 dels pressupostos participatius en aquest barri"},"content":{"rendered":"\n<p>S\u2019ajorna la celebraci\u00f3 de la festa del barri de la Pineda de Santa Cristina i la votaci\u00f3 dels pressupostos participatius en aquest barri.<\/p>\n\n\n\n<hr class=\"wp-block-separator has-alpha-channel-opacity\"\/>\n\n\n\n<p>Se aplaza la celebraci\u00f3n de la Fiesta del barrio de la Pineda de Santa Cristina y la votaci\u00f3n de los presupuestos participativos en este barrio.<\/p>\n\n\n\n<figure class=\"wp-block-image size-large\"><img loading=\"lazy\" width=\"1024\" height=\"1024\" src=\"https:\/\/bisbalpenedes.com\/web\/wp-content\/uploads\/2022\/07\/2-6-1024x1024.png\" alt=\"\" class=\"wp-image-22731\" srcset=\"https:\/\/bisbalpenedes.com\/web\/wp-content\/uploads\/2022\/07\/2-6-1024x1024.png 1024w, https:\/\/bisbalpenedes.com\/web\/wp-content\/uploads\/2022\/07\/2-6-300x300.png 300w, https:\/\/bisbalpenedes.com\/web\/wp-content\/uploads\/2022\/07\/2-6-150x150.png 150w, https:\/\/bisbalpenedes.com\/web\/wp-content\/uploads\/2022\/07\/2-6-768x768.png 768w, https:\/\/bisbalpenedes.com\/web\/wp-content\/uploads\/2022\/07\/2-6-600x600.png 600w, https:\/\/bisbalpenedes.com\/web\/wp-content\/uploads\/2022\/07\/2-6-100x100.png 100w, https:\/\/bisbalpenedes.com\/web\/wp-content\/uploads\/2022\/07\/2-6.png 1080w\" sizes=\"(max-width: 1024px) 100vw, 1024px\" \/><\/figure>\n","protected":false},"excerpt":{"rendered":"<p>S\u2019ajorna la celebraci\u00f3 de la festa del barri de la Pineda de Santa Cristina i la votaci\u00f3 dels pressupostos participatius en aquest barri. Se aplaza la celebraci\u00f3n de la Fiesta &hellip; <a href=\"https:\/\/bisbalpenedes.com\/web\/2022\/07\/22\/sajorna-la-celebracio-de-la-festa-del-barri-de-la-pineda-de-santa-cristina-i-la-votacio-dels-pressupostos-participatius-en-aquest-barri\/\" class=\"more-link\">Read More<\/a><\/p>\n","protected":false},"author":4,"featured_media":22732,"comment_status":"closed","ping_status":"closed","sticky":false,"template":"","format":"standard","meta":[],"categories":[2942,4287,4668,3835,8],"tags":[459,393,5413,4148,275,1286],"_links":{"self":[{"href":"https:\/\/bisbalpenedes.com\/web\/wp-json\/wp\/v2\/posts\/22730"}],"collection":[{"href":"https:\/\/bisbalpenedes.com\/web\/wp-json\/wp\/v2\/posts"}],"about":[{"href":"https:\/\/bisbalpenedes.com\/web\/wp-json\/wp\/v2\/types\/post"}],"author":[{"embeddable":true,"href":"https:\/\/bisbalpenedes.com\/web\/wp-json\/wp\/v2\/users\/4"}],"replies":[{"embeddable":true,"href":"https:\/\/bisbalpenedes.com\/web\/wp-json\/wp\/v2\/comments?post=22730"}],"version-history":[{"count":1,"href":"https:\/\/bisbalpenedes.com\/web\/wp-json\/wp\/v2\/posts\/22730\/revisions"}],"predecessor-version":[{"id":22733,"href":"https:\/\/bisbalpenedes.com\/web\/wp-json\/wp\/v2\/posts\/22730\/revisions\/22733"}],"wp:featuredmedia":[{"embeddable":true,"href":"https:\/\/bisbalpenedes.com\/web\/wp-json\/wp\/v2\/media\/22732"}],"wp:attachment":[{"href":"https:\/\/bisbalpenedes.com\/web\/wp-json\/wp\/v2\/media?parent=22730"}],"wp:term":[{"taxonomy":"category","embeddable":true,"href":"https:\/\/bisbalpenedes.com\/web\/wp-json\/wp\/v2\/categories?post=22730"},{"taxonomy":"post_tag","embeddable":true,"href":"https:\/\/bisbalpenedes.com\/web\/wp-json\/wp\/v2\/tags?post=22730"}],"curies":[{"name":"wp","href":"https:\/\/api.w.org\/{rel}","templated":true}]}}