{"id":2273,"date":"2017-04-11T23:10:20","date_gmt":"2017-04-11T17:10:20","guid":{"rendered":"http:\/\/bisbalpenedes.com\/web\/?p=2273"},"modified":"2017-04-15T12:42:32","modified_gmt":"2017-04-15T06:42:32","slug":"que-feu-per-sant-jordi-lajuntament-de-la-bisbal-del-penedes-us-proposa-diverses-activitats","status":"publish","type":"post","link":"https:\/\/bisbalpenedes.com\/web\/2017\/04\/11\/que-feu-per-sant-jordi-lajuntament-de-la-bisbal-del-penedes-us-proposa-diverses-activitats\/","title":{"rendered":"La Bisbal celebrar\u00e0 Sant Jordi durant sis dies"},"content":{"rendered":"<p><strong>La Bisbal del Pened\u00e8s ha organitzat diversos actes per celebrar Sant Jordi.<\/strong><\/p>\n<p>Els actes comen\u00e7aran el dimarts <strong>18 d&#8217;abril a les 18 h<\/strong> a la Biblioteca Municipal amb un <strong>contacontes.<\/strong><\/p>\n<p><strong>Dimecres 19 d&#8217;abril, a les 18 h<\/strong> la Biblioteca acollir\u00e0 l&#8217;activitat <strong>&#8220;Reinventem els cl\u00e0ssics&#8221;<\/strong>, amb lectura de contes reinventats per nens i joves. Tot seguit es far\u00e0 una mostra de llibres &#8220;Llegir en altres temps&#8221; amb un rep\u00e0s a la petita hist\u00f2ria dels llibres i les biblioteques a La bisbal del Pened\u00e8s, una activitat que s&#8217;ofereix per gentilesa de Jordi Ferran i Ventosa. La mostra de llibres estar\u00e0 oberta tota la setmana.<\/p>\n<p><strong>El dijous 20 d&#8217;abril a les 20 h<\/strong> a la biblioteca tindr\u00e0 lloc una activitat adre\u00e7ada al p\u00fablic adult <strong>&#8220;Contes er\u00f2tics&#8221;<\/strong> a c\u00e0rrec de Noem\u00ed Caballer.<\/p>\n<p><strong>El divendres 21 d&#8217;abril a les 19h<\/strong> tindr\u00e0 lloc la <strong>reinauguraci\u00f3 de la Biblioteca<\/strong> Municipal i dels seus nous espais. <strong>A les 20 h<\/strong> a l&#8217;Auditori Salb\u00e0 del CMC es <strong>presentar\u00e0 el llibre &#8220;Arrels del campanar&#8221; d&#8217;Heribert Ventosa.<\/strong><\/p>\n<p><strong>El dissabte 22 d&#8217;abril d&#8217;11 a 13h i de 17 a 19h<\/strong> la Biblioteca oferir\u00e0 l&#8217;activitat<strong> &#8220;Renova&#8217;t i emporta&#8217;t un llibre&#8221;<\/strong>. Totes aquelles persones que vagin a la Biblioteca a fer-se el carnet nou (recordem que la Biblioteca Municipal s&#8217;ha adherit recentment a la Xarxa de Biblioteques de Catalunya) podran triar un llibre per emportar-se&#8217;l a casa de franc.<\/p>\n<p><strong>El diumenge 23 d&#8217;abril, a les 11.30h,<\/strong> la Pla\u00e7a Pau Casals acollir\u00e0 el lliurament dels <strong>premis del 9\u00e8 Concurs Literari Infantil dels alumnes de l&#8217;Escola ull de Vent<\/strong>. Tot seguit hi haur\u00e0 actuaci\u00f3 amb el Mag Selvin. En acabar s&#8217;oferir\u00e0 un petit refrigeri als assistents. <strong>A les 18.30h<\/strong> l&#8217;auditori Salb\u00e0 del CMC acollir\u00e0 el <strong>lliurament dels premis del 9\u00e8 Concurs Literari Sant Jordi<\/strong> que comptar\u00e0 amb la pres\u00e8ncia de membres del jurat i els premiats. Tot seguit tindr\u00e0 lloc una <strong>actuaci\u00f3 musical.<\/strong><\/p>\n<p><a href=\"http:\/\/bisbalpenedes.com\/web\/wp-content\/uploads\/2017\/04\/IMG_4144.jpg\"><img loading=\"lazy\" class=\"aligncenter size-full wp-image-2274\" title=\"IMG_4144\" src=\"http:\/\/bisbalpenedes.com\/web\/wp-content\/uploads\/2017\/04\/IMG_4144.jpg\" alt=\"\" width=\"1169\" height=\"1654\" srcset=\"https:\/\/bisbalpenedes.com\/web\/wp-content\/uploads\/2017\/04\/IMG_4144.jpg 1169w, https:\/\/bisbalpenedes.com\/web\/wp-content\/uploads\/2017\/04\/IMG_4144-600x849.jpg 600w, https:\/\/bisbalpenedes.com\/web\/wp-content\/uploads\/2017\/04\/IMG_4144-212x300.jpg 212w, https:\/\/bisbalpenedes.com\/web\/wp-content\/uploads\/2017\/04\/IMG_4144-723x1024.jpg 723w\" sizes=\"(max-width: 1169px) 100vw, 1169px\" \/><\/a><\/p>\n<p style=\"text-align: center;\"><a href=\"http:\/\/bisbalpenedes.com\/web\/wp-content\/uploads\/2017\/04\/reinventa-conte-17-a2.jpg\"><img loading=\"lazy\" class=\"aligncenter  wp-image-2286\" title=\"reinventa-conte-17-a\" src=\"http:\/\/bisbalpenedes.com\/web\/wp-content\/uploads\/2017\/04\/reinventa-conte-17-a2.jpg\" alt=\"\" width=\"701\" height=\"992\" srcset=\"https:\/\/bisbalpenedes.com\/web\/wp-content\/uploads\/2017\/04\/reinventa-conte-17-a2.jpg 1169w, https:\/\/bisbalpenedes.com\/web\/wp-content\/uploads\/2017\/04\/reinventa-conte-17-a2-600x849.jpg 600w, https:\/\/bisbalpenedes.com\/web\/wp-content\/uploads\/2017\/04\/reinventa-conte-17-a2-212x300.jpg 212w, https:\/\/bisbalpenedes.com\/web\/wp-content\/uploads\/2017\/04\/reinventa-conte-17-a2-723x1024.jpg 723w\" sizes=\"(max-width: 701px) 100vw, 701px\" \/><\/a><\/p>\n","protected":false},"excerpt":{"rendered":"<p>La Bisbal del Pened\u00e8s ha organitzat diversos actes per celebrar Sant Jordi. Els actes comen\u00e7aran el dimarts 18 d&#8217;abril a les 18 h a la Biblioteca Municipal amb un contacontes. &hellip; <a href=\"https:\/\/bisbalpenedes.com\/web\/2017\/04\/11\/que-feu-per-sant-jordi-lajuntament-de-la-bisbal-del-penedes-us-proposa-diverses-activitats\/\" class=\"more-link\">Read More<\/a><\/p>\n","protected":false},"author":4,"featured_media":2274,"comment_status":"closed","ping_status":"closed","sticky":false,"template":"","format":"standard","meta":[],"categories":[13,4],"tags":[230,314,47,64,313],"_links":{"self":[{"href":"https:\/\/bisbalpenedes.com\/web\/wp-json\/wp\/v2\/posts\/2273"}],"collection":[{"href":"https:\/\/bisbalpenedes.com\/web\/wp-json\/wp\/v2\/posts"}],"about":[{"href":"https:\/\/bisbalpenedes.com\/web\/wp-json\/wp\/v2\/types\/post"}],"author":[{"embeddable":true,"href":"https:\/\/bisbalpenedes.com\/web\/wp-json\/wp\/v2\/users\/4"}],"replies":[{"embeddable":true,"href":"https:\/\/bisbalpenedes.com\/web\/wp-json\/wp\/v2\/comments?post=2273"}],"version-history":[{"count":5,"href":"https:\/\/bisbalpenedes.com\/web\/wp-json\/wp\/v2\/posts\/2273\/revisions"}],"predecessor-version":[{"id":2284,"href":"https:\/\/bisbalpenedes.com\/web\/wp-json\/wp\/v2\/posts\/2273\/revisions\/2284"}],"wp:featuredmedia":[{"embeddable":true,"href":"https:\/\/bisbalpenedes.com\/web\/wp-json\/wp\/v2\/media\/2274"}],"wp:attachment":[{"href":"https:\/\/bisbalpenedes.com\/web\/wp-json\/wp\/v2\/media?parent=2273"}],"wp:term":[{"taxonomy":"category","embeddable":true,"href":"https:\/\/bisbalpenedes.com\/web\/wp-json\/wp\/v2\/categories?post=2273"},{"taxonomy":"post_tag","embeddable":true,"href":"https:\/\/bisbalpenedes.com\/web\/wp-json\/wp\/v2\/tags?post=2273"}],"curies":[{"name":"wp","href":"https:\/\/api.w.org\/{rel}","templated":true}]}}