{"id":22721,"date":"2022-07-22T09:20:18","date_gmt":"2022-07-22T07:20:18","guid":{"rendered":"https:\/\/bisbalpenedes.com\/web\/?p=22721"},"modified":"2022-07-22T09:20:18","modified_gmt":"2022-07-22T07:20:18","slug":"el-tribunal-valora-els-merits-i-proposa-les-dues-persones-amb-mes-puntuacio-per-ocupar-les-2-places-dauxiliar-administratiu-per-concurs-oposicio","status":"publish","type":"post","link":"https:\/\/bisbalpenedes.com\/web\/2022\/07\/22\/el-tribunal-valora-els-merits-i-proposa-les-dues-persones-amb-mes-puntuacio-per-ocupar-les-2-places-dauxiliar-administratiu-per-concurs-oposicio\/","title":{"rendered":"El Tribunal valora els m\u00e8rits i proposa les dues persones amb m\u00e9s puntuaci\u00f3 per ocupar les 2 places d\u2019auxiliar administratiu per concurs oposici\u00f3"},"content":{"rendered":"\n<p>Aquest dijous 21 de juliol s&#8217;ha reunit el Tribunal per a la provisi\u00f3 de 2 places d&#8217;auxiliar administratiu per concurs oposici\u00f3, despr\u00e9s que el passat 19 de juliol vint-i-tres persones realitzessin les proves d&#8217;oposici\u00f3, en qu\u00e8 hi havia cinquanta-tres candidats convocats. De les vint-i-tres persones presentades, un total de tretze han aprovat perqu\u00e8 han obtingut m\u00e9s de 30 punts d&#8217;una puntuaci\u00f3 total de 60.<\/p>\n\n\n\n<p>El Tribunal est\u00e0 format per un funcionari de la Diputaci\u00f3 de Tarragona, un funcionari d&#8217;un Ajuntament de la comarca i un funcionari de l&#8217;Ajuntament de la Bisbal del Pened\u00e8s i ha proposat els dos candidats amb m\u00e9s puntuaci\u00f3 per a les dues places d&#8217;auxiliar administratiu per concurs-oposici\u00f3, amb 86,95 i 66,602 punts respectivament. Podeu consultar les actes en aquests enlla\u00e7os:<\/p>\n\n\n\n<p><a href=\"https:\/\/bisbalpenedes.com\/web\/wp-content\/uploads\/2022\/07\/20220721ACTATRIBUNALPROVACATALA.pdf\">Acta del Tribunal de la prova de catal\u00e0<\/a><\/p>\n\n\n\n<p><a href=\"https:\/\/bisbalpenedes.com\/web\/wp-content\/uploads\/2022\/07\/20220721ACTATRIBUNALFASEOPOSICIO.pdf\">Acta del Tribunal en la fase oposici\u00f3<\/a><\/p>\n\n\n\n<p><a href=\"https:\/\/bisbalpenedes.com\/web\/wp-content\/uploads\/2022\/07\/20220721ACTATRIBUNALFASECONCURS.pdf\">Acta del Tribunal en la fase de m\u00e8rits<\/a><\/p>\n\n\n\n<hr class=\"wp-block-separator has-alpha-channel-opacity\"\/>\n\n\n\n<p><strong>CASTELLANO |<\/strong>&nbsp;Este jueves 21 de julio se ha reunido el Tribunal para la provisi\u00f3n de 2 plazas de auxiliar administrativo por concurso oposici\u00f3n, despu\u00e9s de que l pasado 19 de julio veintitr\u00e9s personas realizasen las pruebas de oposici\u00f3n, en las que hab\u00eda cincuenta y tres candidatos convocados. De las veintitr\u00e9s personas presentadas, un total de trece han aprobado porque han obtenido m\u00e1s de 30 puntos de una puntuaci\u00f3n total de 60.<\/p>\n\n\n\n<p>El Tribunal est\u00e1 formado por un funcionario de la Diputaci\u00f3n de Tarragona, un funcionario de un Ayuntamiento de la comarca y un funcionario del Ayuntamiento de la Bisbal del Pened\u00e8s y ha propuesto a los dos candidatos con m\u00e1s puntuaci\u00f3n para las dos plazas de auxiliar administrativo por concurso-oposici\u00f3n, con 86,95 y 66,602 puntos respectivamente. Pod\u00e9is consultar las actas en estos enlaces:<\/p>\n\n\n\n<p><a href=\"https:\/\/bisbalpenedes.com\/web\/wp-content\/uploads\/2022\/07\/20220721ACTATRIBUNALPROVACATALA.pdf\">Acta del Tribunal de la prueba de catal\u00e1n<\/a><\/p>\n\n\n\n<p><a href=\"https:\/\/bisbalpenedes.com\/web\/wp-content\/uploads\/2022\/07\/20220721ACTATRIBUNALFASEOPOSICIO.pdf\">Acta del Tribunal en la fase oposici\u00f3n<\/a><a href=\"https:\/\/bisbalpenedes.com\/web\/wp-content\/uploads\/2022\/07\/20220721ACTATRIBUNALFASECONCURS.pdf\">Acta del Tribunal en la fase de m\u00e9ritos<\/a><\/p>\n","protected":false},"excerpt":{"rendered":"<p>Aquest dijous 21 de juliol s&#8217;ha reunit el Tribunal per a la provisi\u00f3 de 2 places d&#8217;auxiliar administratiu per concurs oposici\u00f3, despr\u00e9s que el passat 19 de juliol vint-i-tres persones &hellip; <a href=\"https:\/\/bisbalpenedes.com\/web\/2022\/07\/22\/el-tribunal-valora-els-merits-i-proposa-les-dues-persones-amb-mes-puntuacio-per-ocupar-les-2-places-dauxiliar-administratiu-per-concurs-oposicio\/\" class=\"more-link\">Read More<\/a><\/p>\n","protected":false},"author":4,"featured_media":22554,"comment_status":"closed","ping_status":"closed","sticky":false,"template":"","format":"standard","meta":[],"categories":[2402,2057,8],"tags":[4706,459,1126,393,5412],"_links":{"self":[{"href":"https:\/\/bisbalpenedes.com\/web\/wp-json\/wp\/v2\/posts\/22721"}],"collection":[{"href":"https:\/\/bisbalpenedes.com\/web\/wp-json\/wp\/v2\/posts"}],"about":[{"href":"https:\/\/bisbalpenedes.com\/web\/wp-json\/wp\/v2\/types\/post"}],"author":[{"embeddable":true,"href":"https:\/\/bisbalpenedes.com\/web\/wp-json\/wp\/v2\/users\/4"}],"replies":[{"embeddable":true,"href":"https:\/\/bisbalpenedes.com\/web\/wp-json\/wp\/v2\/comments?post=22721"}],"version-history":[{"count":1,"href":"https:\/\/bisbalpenedes.com\/web\/wp-json\/wp\/v2\/posts\/22721\/revisions"}],"predecessor-version":[{"id":22722,"href":"https:\/\/bisbalpenedes.com\/web\/wp-json\/wp\/v2\/posts\/22721\/revisions\/22722"}],"wp:featuredmedia":[{"embeddable":true,"href":"https:\/\/bisbalpenedes.com\/web\/wp-json\/wp\/v2\/media\/22554"}],"wp:attachment":[{"href":"https:\/\/bisbalpenedes.com\/web\/wp-json\/wp\/v2\/media?parent=22721"}],"wp:term":[{"taxonomy":"category","embeddable":true,"href":"https:\/\/bisbalpenedes.com\/web\/wp-json\/wp\/v2\/categories?post=22721"},{"taxonomy":"post_tag","embeddable":true,"href":"https:\/\/bisbalpenedes.com\/web\/wp-json\/wp\/v2\/tags?post=22721"}],"curies":[{"name":"wp","href":"https:\/\/api.w.org\/{rel}","templated":true}]}}