{"id":22716,"date":"2022-07-22T09:14:36","date_gmt":"2022-07-22T07:14:36","guid":{"rendered":"https:\/\/bisbalpenedes.com\/web\/?p=22716"},"modified":"2022-07-22T09:18:28","modified_gmt":"2022-07-22T07:18:28","slug":"aquest-cap-de-setmana-se-celebra-la-festa-del-barri-de-lesplai","status":"publish","type":"post","link":"https:\/\/bisbalpenedes.com\/web\/2022\/07\/22\/aquest-cap-de-setmana-se-celebra-la-festa-del-barri-de-lesplai\/","title":{"rendered":"Aquest cap de setmana se celebra la festa del barri de l&#8217;Esplai"},"content":{"rendered":"\n<p>Aquest cap de setmana arriba la festa del barri de L&#8217;Esplai amb activitats per a petits i grans. No us la perdeu!<\/p>\n\n\n\n<p>A la nit hi haur\u00e0 Punt Lila per prevenir i lluitar contra les agressions sexistes en el context festiu nocturn.<\/p>\n\n\n\n<p>En diverses zones del municipi est\u00e0 actiu el Pla Alfa en nivell 3 de prevenci\u00f3 d\u2019incendis. Tot i que aquesta zona no est\u00e0 afectada i, per tant, s\u2019hi pot accedir, preguem que extremeu les precaucions.<\/p>\n\n\n\n<hr class=\"wp-block-separator has-alpha-channel-opacity\"\/>\n\n\n\n<p>Este fin de semana llega la fiesta del barrio del Esplai con actividades para peque\u00f1os y mayores. \u00a1No os la perd\u00e1is!<\/p>\n\n\n\n<p>Por la noche habr\u00e1 Punto Lila para prevenir y luchar contra las agresiones sexistas en el contexto festivo nocturno.<\/p>\n\n\n\n<p>En varias zonas del municipio est\u00e1 activo el Plan Alfa de nivel 3 de prevenci\u00f3n de incendios. Aunque esta zona no est\u00e1 afectada y, por tanto, se puede acceder a ella, rogamos que extrem\u00e9is las precauciones.<\/p>\n\n\n\n<figure class=\"wp-block-image size-large\"><img loading=\"lazy\" width=\"1024\" height=\"1024\" src=\"https:\/\/bisbalpenedes.com\/web\/wp-content\/uploads\/2022\/07\/1-3-1024x1024.png\" alt=\"\" class=\"wp-image-22683\" srcset=\"https:\/\/bisbalpenedes.com\/web\/wp-content\/uploads\/2022\/07\/1-3-1024x1024.png 1024w, https:\/\/bisbalpenedes.com\/web\/wp-content\/uploads\/2022\/07\/1-3-300x300.png 300w, https:\/\/bisbalpenedes.com\/web\/wp-content\/uploads\/2022\/07\/1-3-150x150.png 150w, https:\/\/bisbalpenedes.com\/web\/wp-content\/uploads\/2022\/07\/1-3-768x768.png 768w, https:\/\/bisbalpenedes.com\/web\/wp-content\/uploads\/2022\/07\/1-3-600x600.png 600w, https:\/\/bisbalpenedes.com\/web\/wp-content\/uploads\/2022\/07\/1-3-100x100.png 100w, https:\/\/bisbalpenedes.com\/web\/wp-content\/uploads\/2022\/07\/1-3.png 1080w\" sizes=\"(max-width: 1024px) 100vw, 1024px\" \/><\/figure>\n\n\n\n<figure class=\"wp-block-image size-large\"><img loading=\"lazy\" width=\"1024\" height=\"1024\" src=\"https:\/\/bisbalpenedes.com\/web\/wp-content\/uploads\/2022\/07\/2-5-1024x1024.png\" alt=\"\" class=\"wp-image-22717\" srcset=\"https:\/\/bisbalpenedes.com\/web\/wp-content\/uploads\/2022\/07\/2-5-1024x1024.png 1024w, https:\/\/bisbalpenedes.com\/web\/wp-content\/uploads\/2022\/07\/2-5-300x300.png 300w, https:\/\/bisbalpenedes.com\/web\/wp-content\/uploads\/2022\/07\/2-5-150x150.png 150w, https:\/\/bisbalpenedes.com\/web\/wp-content\/uploads\/2022\/07\/2-5-768x768.png 768w, https:\/\/bisbalpenedes.com\/web\/wp-content\/uploads\/2022\/07\/2-5-600x600.png 600w, https:\/\/bisbalpenedes.com\/web\/wp-content\/uploads\/2022\/07\/2-5-100x100.png 100w, https:\/\/bisbalpenedes.com\/web\/wp-content\/uploads\/2022\/07\/2-5.png 1080w\" sizes=\"(max-width: 1024px) 100vw, 1024px\" \/><\/figure>\n","protected":false},"excerpt":{"rendered":"<p>Aquest cap de setmana arriba la festa del barri de L&#8217;Esplai amb activitats per a petits i grans. No us la perdeu! A la nit hi haur\u00e0 Punt Lila per &hellip; <a href=\"https:\/\/bisbalpenedes.com\/web\/2022\/07\/22\/aquest-cap-de-setmana-se-celebra-la-festa-del-barri-de-lesplai\/\" class=\"more-link\">Read More<\/a><\/p>\n","protected":false},"author":4,"featured_media":22682,"comment_status":"closed","ping_status":"closed","sticky":false,"template":"","format":"standard","meta":[],"categories":[2942,4287,1042,4668,8],"tags":[50,393],"_links":{"self":[{"href":"https:\/\/bisbalpenedes.com\/web\/wp-json\/wp\/v2\/posts\/22716"}],"collection":[{"href":"https:\/\/bisbalpenedes.com\/web\/wp-json\/wp\/v2\/posts"}],"about":[{"href":"https:\/\/bisbalpenedes.com\/web\/wp-json\/wp\/v2\/types\/post"}],"author":[{"embeddable":true,"href":"https:\/\/bisbalpenedes.com\/web\/wp-json\/wp\/v2\/users\/4"}],"replies":[{"embeddable":true,"href":"https:\/\/bisbalpenedes.com\/web\/wp-json\/wp\/v2\/comments?post=22716"}],"version-history":[{"count":3,"href":"https:\/\/bisbalpenedes.com\/web\/wp-json\/wp\/v2\/posts\/22716\/revisions"}],"predecessor-version":[{"id":22720,"href":"https:\/\/bisbalpenedes.com\/web\/wp-json\/wp\/v2\/posts\/22716\/revisions\/22720"}],"wp:featuredmedia":[{"embeddable":true,"href":"https:\/\/bisbalpenedes.com\/web\/wp-json\/wp\/v2\/media\/22682"}],"wp:attachment":[{"href":"https:\/\/bisbalpenedes.com\/web\/wp-json\/wp\/v2\/media?parent=22716"}],"wp:term":[{"taxonomy":"category","embeddable":true,"href":"https:\/\/bisbalpenedes.com\/web\/wp-json\/wp\/v2\/categories?post=22716"},{"taxonomy":"post_tag","embeddable":true,"href":"https:\/\/bisbalpenedes.com\/web\/wp-json\/wp\/v2\/tags?post=22716"}],"curies":[{"name":"wp","href":"https:\/\/api.w.org\/{rel}","templated":true}]}}