{"id":22712,"date":"2022-07-22T08:39:09","date_gmt":"2022-07-22T06:39:09","guid":{"rendered":"https:\/\/bisbalpenedes.com\/web\/?p=22712"},"modified":"2022-07-22T08:39:09","modified_gmt":"2022-07-22T06:39:09","slug":"la-missa-en-honor-a-santa-cristina-es-trasllada-a-lesglesia","status":"publish","type":"post","link":"https:\/\/bisbalpenedes.com\/web\/2022\/07\/22\/la-missa-en-honor-a-santa-cristina-es-trasllada-a-lesglesia\/","title":{"rendered":"La missa en honor a Santa Cristina es trasllada a l&#8217;esgl\u00e9sia"},"content":{"rendered":"\n<p>Un any m\u00e9s, la parr\u00f2quia de Santa Maria ha organitzat la missa en honor a Santa Cristina. Tenint en compte que el proper diumenge la zona de l\u2019ermita de Santa Cristina estar\u00e0 afectada pel Pla Alfa 3 -i, per tant, no es podr\u00e0 accedir a zones boscoses- la missa es traslladar\u00e0 a l\u2019esgl\u00e9sia.<\/p>\n\n\n\n<hr class=\"wp-block-separator has-alpha-channel-opacity\"\/>\n\n\n\n<p>Un a\u00f1o m\u00e1s, la Parroquia de Santa Mar\u00eda ha organizado la misa en honor a Santa Cristina. Teniendo en cuenta que el pr\u00f3ximo domingo la zona de la ermita de Santa Cristina estar\u00e1 afectada por el Plan Alfa 3 -y, por tanto, no se podr\u00e1 acceder a zonas de bosque- la misa se trasladar\u00e1 a la iglesia.<\/p>\n","protected":false},"excerpt":{"rendered":"<p>Un any m\u00e9s, la parr\u00f2quia de Santa Maria ha organitzat la missa en honor a Santa Cristina. Tenint en compte que el proper diumenge la zona de l\u2019ermita de Santa &hellip; <a href=\"https:\/\/bisbalpenedes.com\/web\/2022\/07\/22\/la-missa-en-honor-a-santa-cristina-es-trasllada-a-lesglesia\/\" class=\"more-link\">Read More<\/a><\/p>\n","protected":false},"author":4,"featured_media":22713,"comment_status":"closed","ping_status":"closed","sticky":false,"template":"","format":"standard","meta":[],"categories":[2942,8],"tags":[640,1113,638,2382,623],"_links":{"self":[{"href":"https:\/\/bisbalpenedes.com\/web\/wp-json\/wp\/v2\/posts\/22712"}],"collection":[{"href":"https:\/\/bisbalpenedes.com\/web\/wp-json\/wp\/v2\/posts"}],"about":[{"href":"https:\/\/bisbalpenedes.com\/web\/wp-json\/wp\/v2\/types\/post"}],"author":[{"embeddable":true,"href":"https:\/\/bisbalpenedes.com\/web\/wp-json\/wp\/v2\/users\/4"}],"replies":[{"embeddable":true,"href":"https:\/\/bisbalpenedes.com\/web\/wp-json\/wp\/v2\/comments?post=22712"}],"version-history":[{"count":1,"href":"https:\/\/bisbalpenedes.com\/web\/wp-json\/wp\/v2\/posts\/22712\/revisions"}],"predecessor-version":[{"id":22714,"href":"https:\/\/bisbalpenedes.com\/web\/wp-json\/wp\/v2\/posts\/22712\/revisions\/22714"}],"wp:featuredmedia":[{"embeddable":true,"href":"https:\/\/bisbalpenedes.com\/web\/wp-json\/wp\/v2\/media\/22713"}],"wp:attachment":[{"href":"https:\/\/bisbalpenedes.com\/web\/wp-json\/wp\/v2\/media?parent=22712"}],"wp:term":[{"taxonomy":"category","embeddable":true,"href":"https:\/\/bisbalpenedes.com\/web\/wp-json\/wp\/v2\/categories?post=22712"},{"taxonomy":"post_tag","embeddable":true,"href":"https:\/\/bisbalpenedes.com\/web\/wp-json\/wp\/v2\/tags?post=22712"}],"curies":[{"name":"wp","href":"https:\/\/api.w.org\/{rel}","templated":true}]}}