{"id":2270,"date":"2017-04-11T03:45:25","date_gmt":"2017-04-10T21:45:25","guid":{"rendered":"http:\/\/bisbalpenedes.com\/web\/?p=2270"},"modified":"2017-04-11T03:45:25","modified_gmt":"2017-04-10T21:45:25","slug":"programa-dactivitats-de-setmana-santa-2017","status":"publish","type":"post","link":"https:\/\/bisbalpenedes.com\/web\/2017\/04\/11\/programa-dactivitats-de-setmana-santa-2017\/","title":{"rendered":"Programa d&#8217;activitats de Setmana Santa 2017"},"content":{"rendered":"<p><span style=\"text-decoration: underline;\"><strong>Dijous Sant 13 d&#8217;abril:<\/strong><\/span><\/p>\n<p><strong>20:00h:<\/strong> Missa del Sant Sopar<br \/>\nParr\u00f2quia de Santa Maria de La Bisbal del Pened\u00e8s<\/p>\n<p><span style=\"text-decoration: underline;\"><strong>Divendres Sant, 14 d&#8217;abril:<\/strong><\/span><\/p>\n<p><strong>10:30h: <\/strong>Viacrucis pels carrers de La Bisbal<br \/>\nParr\u00f2quia de Santa Maria de La Bisbal del Pened\u00e8s<br \/>\n<strong>18:00h:<\/strong> Cant de la preg\u00e0ria per a solistes, cor i orgue: &#8220;Stabat Mater&#8221; de G.B. Pergolesi<br \/>\nCor d&#8217;infants i Coral Polif\u00f2nica del Vendrell<br \/>\nParr\u00f2quia de Santa Maria de La Bisbal del Pened\u00e8s<br \/>\n<strong>19:00h<\/strong>: Missa de la mort del Senyor<br \/>\nParr\u00f2quia de Santa Maria de La Bisbal del Pened\u00e8s<br \/>\n<strong>22:00h:<\/strong> Solemne Process\u00f3 del Sant Enterrament, pels carrers de la Vila<br \/>\nParr\u00f2quia de Santa Maria de La Bisbal del Pened\u00e8s<\/p>\n<p><strong><span style=\"text-decoration: underline;\">Dissabte Sant, 15 d&#8217;abril:<\/span><\/strong><\/p>\n<p><strong>22:00h: <\/strong>Solemne Vetlla Pasqual<br \/>\nParr\u00f2quia de Santa Maria de La Bisbal del Pened\u00e8s<\/p>\n<p><span style=\"text-decoration: underline;\"><strong>Diumenge de Pasqua, 16 d&#8217;abril:<\/strong><\/span><\/p>\n<p><strong>12:30h: <\/strong>Missa solemne de Pasqua<br \/>\nParr\u00f2quia de Santa Maria de La Bisbal del Pened\u00e8s<br \/>\n<strong>22:30h:<\/strong> Teatre per Pasqua a La Societat<br \/>\nElenc de Teatre de La Societat<\/p>\n<p><strong><span style=\"text-decoration: underline;\">Dilluns de Pasqua, 17 d&#8217;abril:<\/span><\/strong><\/p>\n<p><strong>09:00h:<\/strong> Tradicional pujada a l&#8217;Ermita de Santa Cristina organitzada per Senderistes Bisbalencs. Se sortir\u00e0 de la pla\u00e7a de l&#8217;Esgl\u00e9sia. Cal portar esmorzar i aigua.<\/p>\n<p><strong>12:00h:<\/strong> Missa de Pasqua a l&#8217;ermita de Santa Cristina<br \/>\nParr\u00f2quia de Santa Maria de La Bisbal del Pened\u00e8s<br \/>\nA continuaci\u00f3, sardanes davant l&#8217;ermita de Santa Cristina<\/p>\n","protected":false},"excerpt":{"rendered":"<p>Dijous Sant 13 d&#8217;abril: 20:00h: Missa del Sant Sopar Parr\u00f2quia de Santa Maria de La Bisbal del Pened\u00e8s Divendres Sant, 14 d&#8217;abril: 10:30h: Viacrucis pels carrers de La Bisbal Parr\u00f2quia &hellip; <a href=\"https:\/\/bisbalpenedes.com\/web\/2017\/04\/11\/programa-dactivitats-de-setmana-santa-2017\/\" class=\"more-link\">Read More<\/a><\/p>\n","protected":false},"author":4,"featured_media":2271,"comment_status":"closed","ping_status":"closed","sticky":false,"template":"","format":"standard","meta":[],"categories":[20,4],"tags":[],"_links":{"self":[{"href":"https:\/\/bisbalpenedes.com\/web\/wp-json\/wp\/v2\/posts\/2270"}],"collection":[{"href":"https:\/\/bisbalpenedes.com\/web\/wp-json\/wp\/v2\/posts"}],"about":[{"href":"https:\/\/bisbalpenedes.com\/web\/wp-json\/wp\/v2\/types\/post"}],"author":[{"embeddable":true,"href":"https:\/\/bisbalpenedes.com\/web\/wp-json\/wp\/v2\/users\/4"}],"replies":[{"embeddable":true,"href":"https:\/\/bisbalpenedes.com\/web\/wp-json\/wp\/v2\/comments?post=2270"}],"version-history":[{"count":1,"href":"https:\/\/bisbalpenedes.com\/web\/wp-json\/wp\/v2\/posts\/2270\/revisions"}],"predecessor-version":[{"id":2272,"href":"https:\/\/bisbalpenedes.com\/web\/wp-json\/wp\/v2\/posts\/2270\/revisions\/2272"}],"wp:featuredmedia":[{"embeddable":true,"href":"https:\/\/bisbalpenedes.com\/web\/wp-json\/wp\/v2\/media\/2271"}],"wp:attachment":[{"href":"https:\/\/bisbalpenedes.com\/web\/wp-json\/wp\/v2\/media?parent=2270"}],"wp:term":[{"taxonomy":"category","embeddable":true,"href":"https:\/\/bisbalpenedes.com\/web\/wp-json\/wp\/v2\/categories?post=2270"},{"taxonomy":"post_tag","embeddable":true,"href":"https:\/\/bisbalpenedes.com\/web\/wp-json\/wp\/v2\/tags?post=2270"}],"curies":[{"name":"wp","href":"https:\/\/api.w.org\/{rel}","templated":true}]}}