{"id":22694,"date":"2022-07-21T20:05:02","date_gmt":"2022-07-21T18:05:02","guid":{"rendered":"https:\/\/bisbalpenedes.com\/web\/?p=22694"},"modified":"2022-07-21T20:05:02","modified_gmt":"2022-07-21T18:05:02","slug":"sactiva-el-nivell-3-del-pla-alfa-en-bona-part-del-municipi-de-la-bisbal-del-penedes%ef%bf%bc","status":"publish","type":"post","link":"https:\/\/bisbalpenedes.com\/web\/2022\/07\/21\/sactiva-el-nivell-3-del-pla-alfa-en-bona-part-del-municipi-de-la-bisbal-del-penedes%ef%bf%bc\/","title":{"rendered":"S\u2019activa el nivell 3 del Pla Alfa en bona part del municipi de La Bisbal del Pened\u00e8s\ufffc"},"content":{"rendered":"\n<p>Tenint en compte la situaci\u00f3 meteorol\u00f2gica prevista per als pr\u00f2xims dies i l\u2019elevat risc d\u2019incendi forestal, la Generalitat de Catalunya ha activat el Pla Alfa en nivell 3 en zones de diversos municipis, entre ells La Bisbal del Pened\u00e8s, Albinyana, el Montmell, Lloren\u00e7 del Pened\u00e8s, Sant Jaume dels Domenys, Cunit, Calafell i Bellvei.<\/p>\n\n\n\n<p>Per aquest motiu, <strong>des de les 00.00h d\u2019aquest divendres 22 de juliol i fins al dimarts dia 26 de juliol,<\/strong> s\u2019hauran de complir diverses mesures preventives que ajudaran a evitar els efectes de l\u2019alt risc d\u2019incendi forestal:<\/p>\n\n\n\n<ul><li>Se suspenen les activitats d\u2019educaci\u00f3 en el lleure de tipus acampada, ruta i ruta esportiva i les activitats esportives que es desenvolupin en el medi natural, i que hauran de traslladar a algun nucli habitat o poblaci\u00f3 o b\u00e9 retornar al punt d\u2019origen.<\/li><li>Es restringeixen les activitats de col\u00f2nies, estades i campus esportius a l\u2019entorn immediat de les edificacions on es dormi.<\/li><li>Es restringeixen les activitats de casals de vacances i casals esportius al nucli de poblaci\u00f3 excepte que es desplacin a algun altre nucli de poblaci\u00f3 i no comporti \u00fas del medi natural.<\/li><li>Se susp\u00e8n l\u2019activitat agr\u00edcola amb \u00fas de maquin\u00e0ria entre les 12 i les 18h hores. S\u2019exceptua la recollida de fruita i productes hort\u00edcoles, la sega de l\u2019alfals i altres herb\u00e0cies, llaurar els camps de rostolls i el conreu d\u2019arr\u00f2s.<\/li><li>Se suspenen les obres a la xarxa interurbana que comportin \u00fas de maquin\u00e0ria amb risc d\u2019incendi, inclosa la sega de cunetes, excepte si compten amb una autoritzaci\u00f3 expressa del Servei Catal\u00e0 de Tr\u00e0nsit i amb un informe previ de la Direcci\u00f3 General d\u2019Agents Rurals.<\/li><li>Se suspenen els usos excepcionals de la via en la xarxa interurbana a carreteres de Catalunya corresponents a proves esportives, marxes ciclistes, filmacions, trenets tur\u00edstics, <em>rallis<\/em> i altres an\u00e0logues, excepte aquells que autoritzi expressament el Servei Catal\u00e0 de Tr\u00e0nsit amb informe previ de la Direcci\u00f3 General dels Agents Rurals.<\/li><li>Es restringeix l\u2019\u00fas d\u2019eines (bufadors, serres radials, &#8230;) a menys de 500 metres de la zona forestal i a menys de 500 de terrenys agr\u00edcoles. Si per motius de for\u00e7a major s\u2019han d\u2019utilitzar cal que sigui comunicat a agents rurals per establir mesures de seguretat.<\/li><li>Es limita la circulaci\u00f3 motoritzada en el medi natural (s\u2019exceptuen residents i activitats que per la seva naturalesa siguin inajornables).<\/li><li>Es limita la circulaci\u00f3 del transport dins del bosc dels productes forestals en horari entre les 12 hores i les 19 hores.<\/li><\/ul>\n\n\n\n<p>Del 22 al 26 de juliol es preveu que la humitat relativa sigui molt baixa i que l\u2019ambient sigui sec en general. Quant al vent, \u00e9s possible que es produeixin algunes ratxes en alguns punts del litoral i prelitoral per l\u2019entrada de marinada i podria produir-se alguna entrada de vent de component oest a la vall de l\u2019Ebre i ponent. A causa d\u2019aquestes condicions meteorol\u00f2giques, el risc d\u2019incendi forestal es mantindr\u00e0 en valors molt alts i extrems, afectant m\u00e9s punts del territori i especialment les comarques centrals.<\/p>\n\n\n\n<hr class=\"wp-block-separator has-alpha-channel-opacity\"\/>\n\n\n\n<p><strong>CASTELLANO |<\/strong> Teniendo en cuenta la situaci\u00f3n meteorol\u00f3gica prevista para los pr\u00f3ximos d\u00edas y el elevado riesgo de incendio forestal, la Generalitat de Catalunya ha activado el Plan Alfa en nivel 3 en zonas de varios municipios, entre ellos La Bisbal del Pened\u00e8s, Albinyana, el Montmell, Lloren\u00e7 del Pened\u00e8s, Sant Jaume dels Domenys, Cunit, Calafell y Bellvei.<\/p>\n\n\n\n<p>Por este motivo, <strong>desde las 00.00h de este viernes 22 de julio y hasta el martes d\u00eda de 26 de julio,<\/strong> se tendr\u00e1n que cumplir varias medidas preventivas que ayudar\u00e1n a evitar los efectos del alto riesgo de incendio forestal:<\/p>\n\n\n\n<ul><li>Se suspenden las actividades de educaci\u00f3n en el tiempo libre de tipo acampada, ruta y ruta Deportiva y las actividades Deportivas que se desarrollen en el medio natural, y que deber\u00e1n trasladarse a alg\u00fan n\u00facleo habitado de poblaci\u00f3n o bien retornar al punto de origen.<\/li><li>Se restringen las actividades de colonias, estancias y campus deportivos en el entorno inmediato del entorno en el que se duerma.<\/li><li>Se restringen las actividades de casales de vacaciones y casales deportivos en el n\u00facleo de poblaci\u00f3n, excepto si se desplazan a alg\u00fan otro n\u00facleo de poblaci\u00f3n y no comporte uso del medio natural.<\/li><li>Se suspende la actividad agr\u00edcola con uso de maquinaria entre las 12h y las 18 horas. Se except\u00faa la recogida de fruta y productos hort\u00edcolas, la siega de alfalfa y otras herb\u00e1ceas, labrar los campos de rastrojos y el conreo de arroz.<\/li><li>Se suspenden las obres en la red interurbana que comporten el uso de maquinaria con riesgo de incendio, incluida la siega de cunetas, a excepci\u00f3n de si cuentan con una autorizaci\u00f3n expresa del Servicio Catal\u00e1n de Tr\u00e1fico y con un informe previo de la Direcci\u00f3n General de Agentes Rurales.<\/li><li>Se suspenden los usos excepcionales de la v\u00eda en la red interurbana de carreteras de Catalunya correspondientes a pruebas deportivas, marchas ciclistas, filmaciones, trenes tur\u00edsticos, rallies y otras an\u00e1logas, excepto aquellos que autorice expresamente el Servicio Catal\u00e1n de Tr\u00e1fico con informe previo de la Direcci\u00f3n General de los Agentes Rurales.<\/li><li>Se restringe el uso de herramientas (sopladores, sierras radiales,\u2026) a menos de 500 metros de la zona forestal y a menos de 500 de terrenos agr\u00edcolas. Si por motivos de fuerza mayor se tienen que utilizar, tiene que ser comunicado a los agentes rurales con tal de establecer medidas de seguridad.<\/li><li>Se limita la circulaci\u00f3n motorizada en el medio natural (se except\u00faan residentes y actividades que por su naturaleza sean inaplazables).<\/li><li>Se limita la circulaci\u00f3n del transporte dentro del bosque de los productos forestales en horario entre las 12h y las 19 horas.<\/li><\/ul>\n\n\n\n<p>Del 22 al 26 de julio se prev\u00e9 la humedad relativa sea muy baja y que el ambiente sea seco en general. En cuanto al viento, es posible que se produzcan algunas rachas en algunos puntos del litoral y prelitoral por la entrada de brisa y podr\u00eda producirse alguna entrada de viento de componente oeste en el valle del Ebro y poniente. A causa de estas condiciones meteorol\u00f3gicas, el riesgo de incendio forestal se mantendr\u00e1 en valores muy altos y extremos, afectando a m\u00e1s puntos del territorio y especialmente a las comarcas centrales.<\/p>\n","protected":false},"excerpt":{"rendered":"<p>Tenint en compte la situaci\u00f3 meteorol\u00f2gica prevista per als pr\u00f2xims dies i l\u2019elevat risc d\u2019incendi forestal, la Generalitat de Catalunya ha activat el Pla Alfa en nivell 3 en zones &hellip; <a href=\"https:\/\/bisbalpenedes.com\/web\/2022\/07\/21\/sactiva-el-nivell-3-del-pla-alfa-en-bona-part-del-municipi-de-la-bisbal-del-penedes%ef%bf%bc\/\" class=\"more-link\">Read More<\/a><\/p>\n","protected":false},"author":4,"featured_media":22695,"comment_status":"closed","ping_status":"closed","sticky":false,"template":"","format":"standard","meta":[],"categories":[1628,8],"tags":[3463,393,3962,5409,4612],"_links":{"self":[{"href":"https:\/\/bisbalpenedes.com\/web\/wp-json\/wp\/v2\/posts\/22694"}],"collection":[{"href":"https:\/\/bisbalpenedes.com\/web\/wp-json\/wp\/v2\/posts"}],"about":[{"href":"https:\/\/bisbalpenedes.com\/web\/wp-json\/wp\/v2\/types\/post"}],"author":[{"embeddable":true,"href":"https:\/\/bisbalpenedes.com\/web\/wp-json\/wp\/v2\/users\/4"}],"replies":[{"embeddable":true,"href":"https:\/\/bisbalpenedes.com\/web\/wp-json\/wp\/v2\/comments?post=22694"}],"version-history":[{"count":1,"href":"https:\/\/bisbalpenedes.com\/web\/wp-json\/wp\/v2\/posts\/22694\/revisions"}],"predecessor-version":[{"id":22696,"href":"https:\/\/bisbalpenedes.com\/web\/wp-json\/wp\/v2\/posts\/22694\/revisions\/22696"}],"wp:featuredmedia":[{"embeddable":true,"href":"https:\/\/bisbalpenedes.com\/web\/wp-json\/wp\/v2\/media\/22695"}],"wp:attachment":[{"href":"https:\/\/bisbalpenedes.com\/web\/wp-json\/wp\/v2\/media?parent=22694"}],"wp:term":[{"taxonomy":"category","embeddable":true,"href":"https:\/\/bisbalpenedes.com\/web\/wp-json\/wp\/v2\/categories?post=22694"},{"taxonomy":"post_tag","embeddable":true,"href":"https:\/\/bisbalpenedes.com\/web\/wp-json\/wp\/v2\/tags?post=22694"}],"curies":[{"name":"wp","href":"https:\/\/api.w.org\/{rel}","templated":true}]}}