{"id":22678,"date":"2022-07-20T13:54:48","date_gmt":"2022-07-20T11:54:48","guid":{"rendered":"https:\/\/bisbalpenedes.com\/web\/?p=22678"},"modified":"2022-07-20T13:54:48","modified_gmt":"2022-07-20T11:54:48","slug":"aquest-dijous-hi-haura-taller-de-defensa-personal-al-cmc-gratuit-i-obert-a-tothom","status":"publish","type":"post","link":"https:\/\/bisbalpenedes.com\/web\/2022\/07\/20\/aquest-dijous-hi-haura-taller-de-defensa-personal-al-cmc-gratuit-i-obert-a-tothom\/","title":{"rendered":"Aquest dijous hi haur\u00e0 taller de defensa personal al CMC &#8211; Gratu\u00eft i obert a tothom"},"content":{"rendered":"\n<p>Aquest dijous hi haur\u00e0 taller de defensa personal al CMC, de 19h a 21h.<\/p>\n\n\n\n<p>\u00c9s gratu\u00eft i obert a totes les edats, sense inscripci\u00f3 pr\u00e8via.<\/p>\n\n\n\n<p>Es tracta d&#8217;una activitat promoguda des del programa Pacte d&#8217;Estat contra la viol\u00e8ncia de g\u00e8nere.<\/p>\n\n\n\n<hr class=\"wp-block-separator has-alpha-channel-opacity\"\/>\n\n\n\n<p>Este jueves habr\u00e1 taller de defensa personal en el CMC, de 19h a 21h.<\/p>\n\n\n\n<p>Es gratuito y abierto a todas las edades, sin inscripci\u00f3n previa.<\/p>\n\n\n\n<p>Se trata de una actividad promovida desde el programa Pacto de Estado contra la violencia de g\u00e9nero.<\/p>\n","protected":false},"excerpt":{"rendered":"<p>Aquest dijous hi haur\u00e0 taller de defensa personal al CMC, de 19h a 21h. \u00c9s gratu\u00eft i obert a totes les edats, sense inscripci\u00f3 pr\u00e8via. Es tracta d&#8217;una activitat promoguda &hellip; <a href=\"https:\/\/bisbalpenedes.com\/web\/2022\/07\/20\/aquest-dijous-hi-haura-taller-de-defensa-personal-al-cmc-gratuit-i-obert-a-tothom\/\" class=\"more-link\">Read More<\/a><\/p>\n","protected":false},"author":4,"featured_media":22680,"comment_status":"closed","ping_status":"closed","sticky":false,"template":"","format":"standard","meta":[],"categories":[2942,8],"tags":[226,5338,393,5403],"_links":{"self":[{"href":"https:\/\/bisbalpenedes.com\/web\/wp-json\/wp\/v2\/posts\/22678"}],"collection":[{"href":"https:\/\/bisbalpenedes.com\/web\/wp-json\/wp\/v2\/posts"}],"about":[{"href":"https:\/\/bisbalpenedes.com\/web\/wp-json\/wp\/v2\/types\/post"}],"author":[{"embeddable":true,"href":"https:\/\/bisbalpenedes.com\/web\/wp-json\/wp\/v2\/users\/4"}],"replies":[{"embeddable":true,"href":"https:\/\/bisbalpenedes.com\/web\/wp-json\/wp\/v2\/comments?post=22678"}],"version-history":[{"count":1,"href":"https:\/\/bisbalpenedes.com\/web\/wp-json\/wp\/v2\/posts\/22678\/revisions"}],"predecessor-version":[{"id":22681,"href":"https:\/\/bisbalpenedes.com\/web\/wp-json\/wp\/v2\/posts\/22678\/revisions\/22681"}],"wp:featuredmedia":[{"embeddable":true,"href":"https:\/\/bisbalpenedes.com\/web\/wp-json\/wp\/v2\/media\/22680"}],"wp:attachment":[{"href":"https:\/\/bisbalpenedes.com\/web\/wp-json\/wp\/v2\/media?parent=22678"}],"wp:term":[{"taxonomy":"category","embeddable":true,"href":"https:\/\/bisbalpenedes.com\/web\/wp-json\/wp\/v2\/categories?post=22678"},{"taxonomy":"post_tag","embeddable":true,"href":"https:\/\/bisbalpenedes.com\/web\/wp-json\/wp\/v2\/tags?post=22678"}],"curies":[{"name":"wp","href":"https:\/\/api.w.org\/{rel}","templated":true}]}}