{"id":22675,"date":"2022-07-20T13:22:48","date_gmt":"2022-07-20T11:22:48","guid":{"rendered":"https:\/\/bisbalpenedes.com\/web\/?p=22675"},"modified":"2022-07-20T13:22:48","modified_gmt":"2022-07-20T11:22:48","slug":"la-regidoria-de-benestar-social-fa-entrega-del-segon-habitatge-social-de-la-bisbal-del-penedes","status":"publish","type":"post","link":"https:\/\/bisbalpenedes.com\/web\/2022\/07\/20\/la-regidoria-de-benestar-social-fa-entrega-del-segon-habitatge-social-de-la-bisbal-del-penedes\/","title":{"rendered":"La Regidoria de Benestar Social fa entrega del segon habitatge social de la Bisbal del Pened\u00e8s"},"content":{"rendered":"\n<p>Aquest dilluns 18 de juliol s\u2019ha signat el contracte amb la fam\u00edlia que viur\u00e0 al segon habitatge social de La Bisbal del Pened\u00e8s (les antigues cases dels mestres), despr\u00e9s que al juny se sign\u00e9s el contracte del primer.<\/p>\n\n\n\n<p>Podeu ampliar la informaci\u00f3 sobre l\u2019adjudicaci\u00f3 del segon habitatge social, en aquest enlla\u00e7:\u00a0<a rel=\"noreferrer noopener\" href=\"https:\/\/bit.ly\/3OeooKA\" target=\"_blank\">https:\/\/bit.ly\/3OeooKA<\/a><\/p>\n\n\n\n<hr class=\"wp-block-separator has-alpha-channel-opacity\"\/>\n\n\n\n<p>Este lunes 18 de julio se ha firmado el contrato con la familia que vivir\u00e1 en la segunda vivienda social de La Bisbal del Pened\u00e8s (las antiguas casas de los maestros), despu\u00e9s de que en junio se firmase el contrato del primero.<\/p>\n\n\n\n<p>Pod\u00e9is ampliar la informaci\u00f3n sobre la adjudicaci\u00f3n de la segunda vivienda social, en este enlace:&nbsp;<a href=\"https:\/\/bit.ly\/3OeooKA\" target=\"_blank\" rel=\"noreferrer noopener\">https:\/\/bit.ly\/3OeooKA<\/a><\/p>\n","protected":false},"excerpt":{"rendered":"<p>Aquest dilluns 18 de juliol s\u2019ha signat el contracte amb la fam\u00edlia que viur\u00e0 al segon habitatge social de La Bisbal del Pened\u00e8s (les antigues cases dels mestres), despr\u00e9s que &hellip; <a href=\"https:\/\/bisbalpenedes.com\/web\/2022\/07\/20\/la-regidoria-de-benestar-social-fa-entrega-del-segon-habitatge-social-de-la-bisbal-del-penedes\/\" class=\"more-link\">Read More<\/a><\/p>\n","protected":false},"author":4,"featured_media":22676,"comment_status":"closed","ping_status":"closed","sticky":false,"template":"","format":"standard","meta":[],"categories":[3851,8],"tags":[459,315,1180,393,1374],"_links":{"self":[{"href":"https:\/\/bisbalpenedes.com\/web\/wp-json\/wp\/v2\/posts\/22675"}],"collection":[{"href":"https:\/\/bisbalpenedes.com\/web\/wp-json\/wp\/v2\/posts"}],"about":[{"href":"https:\/\/bisbalpenedes.com\/web\/wp-json\/wp\/v2\/types\/post"}],"author":[{"embeddable":true,"href":"https:\/\/bisbalpenedes.com\/web\/wp-json\/wp\/v2\/users\/4"}],"replies":[{"embeddable":true,"href":"https:\/\/bisbalpenedes.com\/web\/wp-json\/wp\/v2\/comments?post=22675"}],"version-history":[{"count":1,"href":"https:\/\/bisbalpenedes.com\/web\/wp-json\/wp\/v2\/posts\/22675\/revisions"}],"predecessor-version":[{"id":22677,"href":"https:\/\/bisbalpenedes.com\/web\/wp-json\/wp\/v2\/posts\/22675\/revisions\/22677"}],"wp:featuredmedia":[{"embeddable":true,"href":"https:\/\/bisbalpenedes.com\/web\/wp-json\/wp\/v2\/media\/22676"}],"wp:attachment":[{"href":"https:\/\/bisbalpenedes.com\/web\/wp-json\/wp\/v2\/media?parent=22675"}],"wp:term":[{"taxonomy":"category","embeddable":true,"href":"https:\/\/bisbalpenedes.com\/web\/wp-json\/wp\/v2\/categories?post=22675"},{"taxonomy":"post_tag","embeddable":true,"href":"https:\/\/bisbalpenedes.com\/web\/wp-json\/wp\/v2\/tags?post=22675"}],"curies":[{"name":"wp","href":"https:\/\/api.w.org\/{rel}","templated":true}]}}