{"id":22666,"date":"2022-07-19T12:50:22","date_gmt":"2022-07-19T10:50:22","guid":{"rendered":"https:\/\/bisbalpenedes.com\/web\/?p=22666"},"modified":"2022-07-19T12:50:22","modified_gmt":"2022-07-19T10:50:22","slug":"lajuntament-ha-arranjat-el-sotrac-del-pont-de-lautopista-que-va-al-priorat","status":"publish","type":"post","link":"https:\/\/bisbalpenedes.com\/web\/2022\/07\/19\/lajuntament-ha-arranjat-el-sotrac-del-pont-de-lautopista-que-va-al-priorat\/","title":{"rendered":"L&#8217;Ajuntament ha arranjat el sotrac del pont de l&#8217;autopista que va al Priorat"},"content":{"rendered":"\n<p>L\u2019Ajuntament de la Bisbal del Pened\u00e8s ha arranjat un tram de la cal\u00e7ada, al pont que passa per damunt de l\u2019autopista -direcci\u00f3 al Priorat de la Bisbal- que tenia un sotrac.<\/p>\n\n\n\n<p>L\u2019Ajuntament ha estat treballant per dur a terme aquesta actuaci\u00f3 durant uns mesos, ja que va haver d\u2019esperar resposta dels responsables de les autopistes per si ells es feien c\u00e0rrec d\u2019aquestes actuacions. Despr\u00e9s de rebre resposta d\u2019autopistes conforme se n\u2019havia de fer c\u00e0rrec l\u2019Ajuntament, es va sol\u00b7licitar el pressupost i, finalment, s\u2019ha dut a terme aquesta actuaci\u00f3.<\/p>\n\n\n\n<p>Agra\u00efm la paci\u00e8ncia i comprensi\u00f3 dels ve\u00efns que passen cada dia per aquest tram.<\/p>\n\n\n\n<hr class=\"wp-block-separator has-alpha-channel-opacity\"\/>\n\n\n\n<p>El Ayuntamiento de la Bisbal del Pened\u00e8s ha arreglado un tramo de calzada, en el puente que pasa por encima de la autopista -direcci\u00f3n al Priorato de la Bisbal- que ten\u00eda un socav\u00f3n.<\/p>\n\n\n\n<p>El Ayuntamiento ha estado trabajando para llevar a cabo esta actuaci\u00f3n durante unos meses, ya que se tuvo que esperar respuesta de los responsables de las autopistas por si ellos se hac\u00edan cargo de estas actuaciones. Despu\u00e9s de recibir respuesta de autopistas conforme se ten\u00eda que hacer cargo de la obra el Ayuntamiento, se solicit\u00f3 el presupuesto y, finalmente, se ha llevado a cabo esta actuaci\u00f3n.<\/p>\n\n\n\n<p>Agradecemos la paciencia y comprensi\u00f3n de los vecinos que pasan cada d\u00eda por este tramo.<\/p>\n","protected":false},"excerpt":{"rendered":"<p>L\u2019Ajuntament de la Bisbal del Pened\u00e8s ha arranjat un tram de la cal\u00e7ada, al pont que passa per damunt de l\u2019autopista -direcci\u00f3 al Priorat de la Bisbal- que tenia un &hellip; <a href=\"https:\/\/bisbalpenedes.com\/web\/2022\/07\/19\/lajuntament-ha-arranjat-el-sotrac-del-pont-de-lautopista-que-va-al-priorat\/\" class=\"more-link\">Read More<\/a><\/p>\n","protected":false},"author":4,"featured_media":22667,"comment_status":"closed","ping_status":"closed","sticky":false,"template":"","format":"standard","meta":[],"categories":[3482,8],"tags":[5399,459,393,5401,424,520,5402,5400,5398],"_links":{"self":[{"href":"https:\/\/bisbalpenedes.com\/web\/wp-json\/wp\/v2\/posts\/22666"}],"collection":[{"href":"https:\/\/bisbalpenedes.com\/web\/wp-json\/wp\/v2\/posts"}],"about":[{"href":"https:\/\/bisbalpenedes.com\/web\/wp-json\/wp\/v2\/types\/post"}],"author":[{"embeddable":true,"href":"https:\/\/bisbalpenedes.com\/web\/wp-json\/wp\/v2\/users\/4"}],"replies":[{"embeddable":true,"href":"https:\/\/bisbalpenedes.com\/web\/wp-json\/wp\/v2\/comments?post=22666"}],"version-history":[{"count":1,"href":"https:\/\/bisbalpenedes.com\/web\/wp-json\/wp\/v2\/posts\/22666\/revisions"}],"predecessor-version":[{"id":22668,"href":"https:\/\/bisbalpenedes.com\/web\/wp-json\/wp\/v2\/posts\/22666\/revisions\/22668"}],"wp:featuredmedia":[{"embeddable":true,"href":"https:\/\/bisbalpenedes.com\/web\/wp-json\/wp\/v2\/media\/22667"}],"wp:attachment":[{"href":"https:\/\/bisbalpenedes.com\/web\/wp-json\/wp\/v2\/media?parent=22666"}],"wp:term":[{"taxonomy":"category","embeddable":true,"href":"https:\/\/bisbalpenedes.com\/web\/wp-json\/wp\/v2\/categories?post=22666"},{"taxonomy":"post_tag","embeddable":true,"href":"https:\/\/bisbalpenedes.com\/web\/wp-json\/wp\/v2\/tags?post=22666"}],"curies":[{"name":"wp","href":"https:\/\/api.w.org\/{rel}","templated":true}]}}