{"id":22629,"date":"2022-07-13T13:35:23","date_gmt":"2022-07-13T11:35:23","guid":{"rendered":"https:\/\/bisbalpenedes.com\/web\/?p=22629"},"modified":"2022-07-15T14:41:40","modified_gmt":"2022-07-15T12:41:40","slug":"el-proper-diumenge-17-de-juliol-tindra-lloc-la-festa-de-la-masieta","status":"publish","type":"post","link":"https:\/\/bisbalpenedes.com\/web\/2022\/07\/13\/el-proper-diumenge-17-de-juliol-tindra-lloc-la-festa-de-la-masieta\/","title":{"rendered":"El proper dissabte 16 de juliol tindr\u00e0 lloc la festa de La Masieta"},"content":{"rendered":"\n<p>El proper dissabte celebrarem la Festa de La Masieta! A les 12h hi haur\u00e0 festa de l&#8217;escuma i, a la nit, m\u00fasica en directe.<\/p>\n\n\n\n<hr class=\"wp-block-separator has-alpha-channel-opacity\"\/>\n\n\n\n<p>\u00a1El pr\u00f3ximo s\u00e1bado celebraremos la Fiesta de La Masieta! A las 12h habr\u00e1 fiesta de la espuma y, por la noche, m\u00fasica en directo.<\/p>\n\n\n\n<figure class=\"wp-block-image size-large\"><img loading=\"lazy\" width=\"724\" height=\"1024\" src=\"https:\/\/bisbalpenedes.com\/web\/wp-content\/uploads\/2022\/07\/FESTA-DE-LA-MASIETA-724x1024.jpeg\" alt=\"\" class=\"wp-image-22631\" srcset=\"https:\/\/bisbalpenedes.com\/web\/wp-content\/uploads\/2022\/07\/FESTA-DE-LA-MASIETA-724x1024.jpeg 724w, https:\/\/bisbalpenedes.com\/web\/wp-content\/uploads\/2022\/07\/FESTA-DE-LA-MASIETA-212x300.jpeg 212w, https:\/\/bisbalpenedes.com\/web\/wp-content\/uploads\/2022\/07\/FESTA-DE-LA-MASIETA-768x1086.jpeg 768w, https:\/\/bisbalpenedes.com\/web\/wp-content\/uploads\/2022\/07\/FESTA-DE-LA-MASIETA-1087x1536.jpeg 1087w, https:\/\/bisbalpenedes.com\/web\/wp-content\/uploads\/2022\/07\/FESTA-DE-LA-MASIETA-1449x2048.jpeg 1449w, https:\/\/bisbalpenedes.com\/web\/wp-content\/uploads\/2022\/07\/FESTA-DE-LA-MASIETA-600x848.jpeg 600w, https:\/\/bisbalpenedes.com\/web\/wp-content\/uploads\/2022\/07\/FESTA-DE-LA-MASIETA.jpeg 1755w\" sizes=\"(max-width: 724px) 100vw, 724px\" \/><\/figure>\n","protected":false},"excerpt":{"rendered":"<p>El proper dissabte celebrarem la Festa de La Masieta! A les 12h hi haur\u00e0 festa de l&#8217;escuma i, a la nit, m\u00fasica en directe. \u00a1El pr\u00f3ximo s\u00e1bado celebraremos la Fiesta &hellip; <a href=\"https:\/\/bisbalpenedes.com\/web\/2022\/07\/13\/el-proper-diumenge-17-de-juliol-tindra-lloc-la-festa-de-la-masieta\/\" class=\"more-link\">Read More<\/a><\/p>\n","protected":false},"author":4,"featured_media":22652,"comment_status":"closed","ping_status":"closed","sticky":false,"template":"","format":"standard","meta":[],"categories":[4668,8],"tags":[5395,5394,393,587,1243],"_links":{"self":[{"href":"https:\/\/bisbalpenedes.com\/web\/wp-json\/wp\/v2\/posts\/22629"}],"collection":[{"href":"https:\/\/bisbalpenedes.com\/web\/wp-json\/wp\/v2\/posts"}],"about":[{"href":"https:\/\/bisbalpenedes.com\/web\/wp-json\/wp\/v2\/types\/post"}],"author":[{"embeddable":true,"href":"https:\/\/bisbalpenedes.com\/web\/wp-json\/wp\/v2\/users\/4"}],"replies":[{"embeddable":true,"href":"https:\/\/bisbalpenedes.com\/web\/wp-json\/wp\/v2\/comments?post=22629"}],"version-history":[{"count":4,"href":"https:\/\/bisbalpenedes.com\/web\/wp-json\/wp\/v2\/posts\/22629\/revisions"}],"predecessor-version":[{"id":22654,"href":"https:\/\/bisbalpenedes.com\/web\/wp-json\/wp\/v2\/posts\/22629\/revisions\/22654"}],"wp:featuredmedia":[{"embeddable":true,"href":"https:\/\/bisbalpenedes.com\/web\/wp-json\/wp\/v2\/media\/22652"}],"wp:attachment":[{"href":"https:\/\/bisbalpenedes.com\/web\/wp-json\/wp\/v2\/media?parent=22629"}],"wp:term":[{"taxonomy":"category","embeddable":true,"href":"https:\/\/bisbalpenedes.com\/web\/wp-json\/wp\/v2\/categories?post=22629"},{"taxonomy":"post_tag","embeddable":true,"href":"https:\/\/bisbalpenedes.com\/web\/wp-json\/wp\/v2\/tags?post=22629"}],"curies":[{"name":"wp","href":"https:\/\/api.w.org\/{rel}","templated":true}]}}