{"id":22621,"date":"2022-07-13T12:22:11","date_gmt":"2022-07-13T10:22:11","guid":{"rendered":"https:\/\/bisbalpenedes.com\/web\/?p=22621"},"modified":"2022-07-13T12:22:11","modified_gmt":"2022-07-13T10:22:11","slug":"sadjudica-el-lloguer-de-cabines-sanitaries-per-als-actes-culturals-i-festius-de-la-bisbal-del-penedes","status":"publish","type":"post","link":"https:\/\/bisbalpenedes.com\/web\/2022\/07\/13\/sadjudica-el-lloguer-de-cabines-sanitaries-per-als-actes-culturals-i-festius-de-la-bisbal-del-penedes\/","title":{"rendered":"S&#8217;adjudica el lloguer de cabines sanit\u00e0ries per als actes culturals i festius de la Bisbal del Pened\u00e8s"},"content":{"rendered":"\n<p>La Junta de Govern del dilluns 11 de juliol de 2022 ha adjudicat el servei de lloguer de cabines sanit\u00e0ries per als actes culturals i festius de la Bisbal del Pened\u00e8s a l&#8217;empresa Vallas&amp;Toilets SL per un import de 5.840,67\u20ac anuals. Aquesta licitaci\u00f3 tindr\u00e0 vig\u00e8ncia per un any + dues pr\u00f2rrogues d&#8217;un any cadascuna.<\/p>\n\n\n\n<p>Durant el termini de licitaci\u00f3 van presentar proposta dues empreses. La mesa de contractaci\u00f3, despr\u00e9s de valorar les dues propostes seguint els criteris especificats als plecs de cl\u00e0usules, va proposar adjudicar el servei a l&#8217;empresa amb m\u00e9s puntuaci\u00f3.<\/p>\n\n\n\n<p>L&#8217;objectiu de la licitaci\u00f3 \u00e9s garantir les condicions de salubritat p\u00fablica durant les festes d&#8217;estiu dels diferents barris del municipi i de la festa major del nucli. Per aix\u00f2, \u00e9s necessari comptar amb un nombre determinat de cabines sanit\u00e0ries per complir amb l&#8217;article 47 del Decret 112\/2010, del 31 d&#8217;agost, pel qual s&#8217;aprova el Reglament d&#8217;espectacles p\u00fablics i activitats recreatives.<\/p>\n\n\n\n<hr class=\"wp-block-separator has-alpha-channel-opacity\"\/>\n\n\n\n<p><strong>CASTELLANO |<\/strong> La Junta de Gobierno del lunes 11 de julio de 2022 ha adjudicado el servicio de alquiler de cabinas sanitarias para los actos culturales y festivos de la Bisbal del Pened\u00e8s a la empresa Vallas &amp; Toilets SL por un importe de 5.840,67\u20ac anuales. Esta licitaci\u00f3n tendr\u00e1 vigencia para un a\u00f1o + dos pr\u00f3rrogas de un a\u00f1o cada una.<\/p>\n\n\n\n<p>Durante el plazo de licitaci\u00f3n presentaron propuesta dos empresas. La mesa de contrataci\u00f3n, despu\u00e9s de valorar las dos propuestas siguiendo los criterios especificados en los pliegos de cl\u00e1usulas, propuso adjudicar el servicio a la empresa con m\u00e1s puntuaci\u00f3n.<\/p>\n\n\n\n<p>El objetivo de la licitaci\u00f3n es garantizar las condiciones de salubridad p\u00fablica durante las fiestas de verano de los distintos barrios del municipio y de la fiesta mayor del n\u00facleo. Por esto, es necesario contar con un n\u00famero determinado de cabinas sanitarias para cumplir con el art\u00edculo 47 del Decreto 112\/2010, del 31 de agosto, por el cual se aprueba el Reglamento de espect\u00e1culos p\u00fablicos y actividades recreativas.<\/p>\n","protected":false},"excerpt":{"rendered":"<p>La Junta de Govern del dilluns 11 de juliol de 2022 ha adjudicat el servei de lloguer de cabines sanit\u00e0ries per als actes culturals i festius de la Bisbal del &hellip; <a href=\"https:\/\/bisbalpenedes.com\/web\/2022\/07\/13\/sadjudica-el-lloguer-de-cabines-sanitaries-per-als-actes-culturals-i-festius-de-la-bisbal-del-penedes\/\" class=\"more-link\">Read More<\/a><\/p>\n","protected":false},"author":4,"featured_media":22622,"comment_status":"closed","ping_status":"closed","sticky":false,"template":"","format":"standard","meta":[],"categories":[4287,4668,8],"tags":[3150,50,393,267],"_links":{"self":[{"href":"https:\/\/bisbalpenedes.com\/web\/wp-json\/wp\/v2\/posts\/22621"}],"collection":[{"href":"https:\/\/bisbalpenedes.com\/web\/wp-json\/wp\/v2\/posts"}],"about":[{"href":"https:\/\/bisbalpenedes.com\/web\/wp-json\/wp\/v2\/types\/post"}],"author":[{"embeddable":true,"href":"https:\/\/bisbalpenedes.com\/web\/wp-json\/wp\/v2\/users\/4"}],"replies":[{"embeddable":true,"href":"https:\/\/bisbalpenedes.com\/web\/wp-json\/wp\/v2\/comments?post=22621"}],"version-history":[{"count":1,"href":"https:\/\/bisbalpenedes.com\/web\/wp-json\/wp\/v2\/posts\/22621\/revisions"}],"predecessor-version":[{"id":22623,"href":"https:\/\/bisbalpenedes.com\/web\/wp-json\/wp\/v2\/posts\/22621\/revisions\/22623"}],"wp:featuredmedia":[{"embeddable":true,"href":"https:\/\/bisbalpenedes.com\/web\/wp-json\/wp\/v2\/media\/22622"}],"wp:attachment":[{"href":"https:\/\/bisbalpenedes.com\/web\/wp-json\/wp\/v2\/media?parent=22621"}],"wp:term":[{"taxonomy":"category","embeddable":true,"href":"https:\/\/bisbalpenedes.com\/web\/wp-json\/wp\/v2\/categories?post=22621"},{"taxonomy":"post_tag","embeddable":true,"href":"https:\/\/bisbalpenedes.com\/web\/wp-json\/wp\/v2\/tags?post=22621"}],"curies":[{"name":"wp","href":"https:\/\/api.w.org\/{rel}","templated":true}]}}