{"id":22619,"date":"2022-07-13T12:45:09","date_gmt":"2022-07-13T10:45:09","guid":{"rendered":"https:\/\/bisbalpenedes.com\/web\/?p=22619"},"modified":"2022-07-13T12:45:09","modified_gmt":"2022-07-13T10:45:09","slug":"finalitzen-les-obres-dampliacio-i-reforma-del-local-social-del-priorat","status":"publish","type":"post","link":"https:\/\/bisbalpenedes.com\/web\/2022\/07\/13\/finalitzen-les-obres-dampliacio-i-reforma-del-local-social-del-priorat\/","title":{"rendered":"Finalitzen les obres d&#8217;ampliaci\u00f3 i reforma del local social del Priorat"},"content":{"rendered":"\n<p>Les obres d&#8217;ampliaci\u00f3 del local social del Priorat han finalitzat. Ara, es duran a terme els darrers treballs de pintura a l&#8217;interior i es podr\u00e0 obrir al p\u00fablic. L&#8217;alcaldessa de la Bisbal del Pened\u00e8s, Agn\u00e8s Ferr\u00e9, ha explicat que <em>&#8220;l&#8217;obra s&#8217;ha executat segons la previsi\u00f3 i, a finals de juny, els serveis t\u00e8cnics municipals informaven favorablement de l&#8217;\u00faltima certificaci\u00f3 de les obres&#8221;.<\/em> Ferr\u00e9 ha afegit que <em>&#8220;era una obra necess\u00e0ria per poder oferir tres espais diferenciats per a activitats organitzades per l&#8217;Ajuntament o les associacions de ve\u00efns&#8221;.<\/em><\/p>\n\n\n\n<p>L&#8217;obra de reforma i ampliaci\u00f3 del local social del Priorat de la Bisbal ha consistit en la creaci\u00f3 d&#8217;una sala de 75,42m2 amb un separador abatible que permet crear dues sales que es podran separar, de 32,38m2 i de 43,04m2, respectivament. A m\u00e9s, s&#8217;han col\u00b7locat baranes a la rampa existent. L&#8217;import de l&#8217;obra ha ascendit a 63.398,20\u20ac (IVA incl\u00f2s) i va ser adjudicada a l&#8217;empresa Excavacions i Transports Rovira SA. Aquestes actuacions compten amb una subvenci\u00f3 del Pla d&#8217;Acci\u00f3 Municipal (PAM) de la Diputaci\u00f3 de Tarragona per un 78,50% de l&#8217;import de les obres.<\/p>\n\n\n\n<figure class=\"wp-block-image size-large\"><img loading=\"lazy\" width=\"1024\" height=\"768\" src=\"https:\/\/bisbalpenedes.com\/web\/wp-content\/uploads\/2022\/07\/7c2df97c-ba32-42d3-8b7d-06b546590a29-1024x768.jpg\" alt=\"\" class=\"wp-image-22625\" srcset=\"https:\/\/bisbalpenedes.com\/web\/wp-content\/uploads\/2022\/07\/7c2df97c-ba32-42d3-8b7d-06b546590a29-1024x768.jpg 1024w, https:\/\/bisbalpenedes.com\/web\/wp-content\/uploads\/2022\/07\/7c2df97c-ba32-42d3-8b7d-06b546590a29-300x225.jpg 300w, https:\/\/bisbalpenedes.com\/web\/wp-content\/uploads\/2022\/07\/7c2df97c-ba32-42d3-8b7d-06b546590a29-768x576.jpg 768w, https:\/\/bisbalpenedes.com\/web\/wp-content\/uploads\/2022\/07\/7c2df97c-ba32-42d3-8b7d-06b546590a29-1536x1152.jpg 1536w, https:\/\/bisbalpenedes.com\/web\/wp-content\/uploads\/2022\/07\/7c2df97c-ba32-42d3-8b7d-06b546590a29-600x450.jpg 600w, https:\/\/bisbalpenedes.com\/web\/wp-content\/uploads\/2022\/07\/7c2df97c-ba32-42d3-8b7d-06b546590a29.jpg 2048w\" sizes=\"(max-width: 1024px) 100vw, 1024px\" \/><\/figure>\n\n\n\n<hr class=\"wp-block-separator has-alpha-channel-opacity\"\/>\n\n\n\n<figure class=\"wp-block-image size-large\"><img loading=\"lazy\" width=\"1024\" height=\"768\" src=\"https:\/\/bisbalpenedes.com\/web\/wp-content\/uploads\/2022\/07\/5b7ed73a-7ccb-4078-be7d-f26b14d65e93-1024x768.jpg\" alt=\"\" class=\"wp-image-22626\" srcset=\"https:\/\/bisbalpenedes.com\/web\/wp-content\/uploads\/2022\/07\/5b7ed73a-7ccb-4078-be7d-f26b14d65e93-1024x768.jpg 1024w, https:\/\/bisbalpenedes.com\/web\/wp-content\/uploads\/2022\/07\/5b7ed73a-7ccb-4078-be7d-f26b14d65e93-300x225.jpg 300w, https:\/\/bisbalpenedes.com\/web\/wp-content\/uploads\/2022\/07\/5b7ed73a-7ccb-4078-be7d-f26b14d65e93-768x576.jpg 768w, https:\/\/bisbalpenedes.com\/web\/wp-content\/uploads\/2022\/07\/5b7ed73a-7ccb-4078-be7d-f26b14d65e93-1536x1152.jpg 1536w, https:\/\/bisbalpenedes.com\/web\/wp-content\/uploads\/2022\/07\/5b7ed73a-7ccb-4078-be7d-f26b14d65e93-600x450.jpg 600w, https:\/\/bisbalpenedes.com\/web\/wp-content\/uploads\/2022\/07\/5b7ed73a-7ccb-4078-be7d-f26b14d65e93.jpg 2048w\" sizes=\"(max-width: 1024px) 100vw, 1024px\" \/><\/figure>\n\n\n\n<p><strong>CASTELLANO |\u00a0<\/strong>Las obras de ampliaci\u00f3n del local social del Priorat han finalizado. Ahora, se llevar\u00e1n a cabo los \u00faltimos de trabajos de pintura en el interior y se podr\u00e1 abrir al p\u00fablico. La alcaldesa de la Bisbal del Pened\u00e8s, Agn\u00e8s Ferr\u00e9, ha explicado que &#8220;la obra se ha ejecutado seg\u00fan la previsi\u00f3n y, a finales de junio, los servicios t\u00e9cnicos municipales informaban favorablemente de la \u00faltima certificaci\u00f3n de las obras&#8221;. Ferr\u00e9 ha a\u00f1adido que &#8220;era una obra necesaria para poder ofrecer tres espacios diferenciados para actividades organizadas por el Ayuntamiento o las asociaciones de vecinos&#8221;.<\/p>\n\n\n\n<p>La obra de reforma y ampliaci\u00f3n del local social del Priorat de la Bisbal ha consistido en la creaci\u00f3n de una sala de 75,42m2 con un separador abatible que permite crear dos salas que se podr\u00e1n separar, de 32,38m2 y de 43,04m2, respectivamente. Adem\u00e1s, se han colocado barandas en la rampa existente. El importe de la obra ha ascendido a 63.398,20\u20ac (IVA incluido) y fue adjudicada a la empresa Excavacions i Transports Rovira SA. Estas actuaciones cuentan con una subvenci\u00f3n del Plan de Acci\u00f3n Municipal (PAM) de la Diputaci\u00f3n de Tarragona por un 78,50% del importe de las obras.<\/p>\n","protected":false},"excerpt":{"rendered":"<p>Les obres d&#8217;ampliaci\u00f3 del local social del Priorat han finalitzat. Ara, es duran a terme els darrers treballs de pintura a l&#8217;interior i es podr\u00e0 obrir al p\u00fablic. L&#8217;alcaldessa de &hellip; <a href=\"https:\/\/bisbalpenedes.com\/web\/2022\/07\/13\/finalitzen-les-obres-dampliacio-i-reforma-del-local-social-del-priorat\/\" class=\"more-link\">Read More<\/a><\/p>\n","protected":false},"author":4,"featured_media":22624,"comment_status":"closed","ping_status":"closed","sticky":false,"template":"","format":"standard","meta":[],"categories":[4287,8],"tags":[247,21,424,1517],"_links":{"self":[{"href":"https:\/\/bisbalpenedes.com\/web\/wp-json\/wp\/v2\/posts\/22619"}],"collection":[{"href":"https:\/\/bisbalpenedes.com\/web\/wp-json\/wp\/v2\/posts"}],"about":[{"href":"https:\/\/bisbalpenedes.com\/web\/wp-json\/wp\/v2\/types\/post"}],"author":[{"embeddable":true,"href":"https:\/\/bisbalpenedes.com\/web\/wp-json\/wp\/v2\/users\/4"}],"replies":[{"embeddable":true,"href":"https:\/\/bisbalpenedes.com\/web\/wp-json\/wp\/v2\/comments?post=22619"}],"version-history":[{"count":2,"href":"https:\/\/bisbalpenedes.com\/web\/wp-json\/wp\/v2\/posts\/22619\/revisions"}],"predecessor-version":[{"id":22627,"href":"https:\/\/bisbalpenedes.com\/web\/wp-json\/wp\/v2\/posts\/22619\/revisions\/22627"}],"wp:featuredmedia":[{"embeddable":true,"href":"https:\/\/bisbalpenedes.com\/web\/wp-json\/wp\/v2\/media\/22624"}],"wp:attachment":[{"href":"https:\/\/bisbalpenedes.com\/web\/wp-json\/wp\/v2\/media?parent=22619"}],"wp:term":[{"taxonomy":"category","embeddable":true,"href":"https:\/\/bisbalpenedes.com\/web\/wp-json\/wp\/v2\/categories?post=22619"},{"taxonomy":"post_tag","embeddable":true,"href":"https:\/\/bisbalpenedes.com\/web\/wp-json\/wp\/v2\/tags?post=22619"}],"curies":[{"name":"wp","href":"https:\/\/api.w.org\/{rel}","templated":true}]}}