{"id":22613,"date":"2022-07-13T11:27:57","date_gmt":"2022-07-13T09:27:57","guid":{"rendered":"https:\/\/bisbalpenedes.com\/web\/?p=22613"},"modified":"2022-07-13T11:33:10","modified_gmt":"2022-07-13T09:33:10","slug":"sadjudica-el-contracte-del-servei-de-redaccio-disseny-maquetacio-i-impressio-de-la-revista-municipal-a-lempresa-quid-comunicacio-sl","status":"publish","type":"post","link":"https:\/\/bisbalpenedes.com\/web\/2022\/07\/13\/sadjudica-el-contracte-del-servei-de-redaccio-disseny-maquetacio-i-impressio-de-la-revista-municipal-a-lempresa-quid-comunicacio-sl\/","title":{"rendered":"S&#8217;adjudica el contracte del servei de redacci\u00f3, disseny, maquetaci\u00f3 i impressi\u00f3 de la revista municipal a l&#8217;empresa Quid Comunicaci\u00f3 SL"},"content":{"rendered":"\n<p>La Junta de Govern del dilluns 11 de juliol ha adjudicat el contracte del servei de redacci\u00f3, disseny, maquetaci\u00f3 i impressi\u00f3 de la revista municipal a Quid Comunicaci\u00f3 SL, per un import de 18.720\u20ac anuals (IVA incl\u00f2s). La licitaci\u00f3 \u00e9s per un termini de 2 anys + pr\u00f2rroga de 2 anys i la revista es publica de forma bimensual.<\/p>\n\n\n\n<p>Durant el termini de licitaci\u00f3 van presentar-se un total de dues empreses i la mesa de contractaci\u00f3 va proposar a la Junta de Govern adjudicar el servei a l&#8217;empresa que ha obtingut m\u00e9s puntuaci\u00f3, tal com estableix el plec de cl\u00e0usules.<\/p>\n\n\n\n<hr class=\"wp-block-separator has-alpha-channel-opacity\"\/>\n\n\n\n<p>La Junta de Gobierno del lunes 11 de julio ha adjudicado el contrato del servicio de redacci\u00f3n, dise\u00f1o, maquetaci\u00f3n e impresi\u00f3n de la revista municipal a Quid Comunicaci\u00f3 SL, por un importe de 18.720\u20ac anuales (IVA incluido). La licitaci\u00f3n es por un plazo de 2 a\u00f1os + pr\u00f3rroga de 2 a\u00f1os y la revista se publica de forma bimensual.<\/p>\n\n\n\n<p>Durante el plazo de licitaci\u00f3n se presentaron un total de dos empresas y la mesa de contrataci\u00f3n propuso a la Junta de Gobierno adjudicar el servicio a la empresa que ha obtenido m\u00e1s puntuaci\u00f3n, tal y como establece el pliego de cl\u00e1usulas.<\/p>\n","protected":false},"excerpt":{"rendered":"<p>La Junta de Govern del dilluns 11 de juliol ha adjudicat el contracte del servei de redacci\u00f3, disseny, maquetaci\u00f3 i impressi\u00f3 de la revista municipal a Quid Comunicaci\u00f3 SL, per &hellip; <a href=\"https:\/\/bisbalpenedes.com\/web\/2022\/07\/13\/sadjudica-el-contracte-del-servei-de-redaccio-disseny-maquetacio-i-impressio-de-la-revista-municipal-a-lempresa-quid-comunicacio-sl\/\" class=\"more-link\">Read More<\/a><\/p>\n","protected":false},"author":4,"featured_media":22146,"comment_status":"closed","ping_status":"closed","sticky":false,"template":"","format":"standard","meta":[],"categories":[3085,3278,8],"tags":[393,267,2609,2608],"_links":{"self":[{"href":"https:\/\/bisbalpenedes.com\/web\/wp-json\/wp\/v2\/posts\/22613"}],"collection":[{"href":"https:\/\/bisbalpenedes.com\/web\/wp-json\/wp\/v2\/posts"}],"about":[{"href":"https:\/\/bisbalpenedes.com\/web\/wp-json\/wp\/v2\/types\/post"}],"author":[{"embeddable":true,"href":"https:\/\/bisbalpenedes.com\/web\/wp-json\/wp\/v2\/users\/4"}],"replies":[{"embeddable":true,"href":"https:\/\/bisbalpenedes.com\/web\/wp-json\/wp\/v2\/comments?post=22613"}],"version-history":[{"count":2,"href":"https:\/\/bisbalpenedes.com\/web\/wp-json\/wp\/v2\/posts\/22613\/revisions"}],"predecessor-version":[{"id":22616,"href":"https:\/\/bisbalpenedes.com\/web\/wp-json\/wp\/v2\/posts\/22613\/revisions\/22616"}],"wp:featuredmedia":[{"embeddable":true,"href":"https:\/\/bisbalpenedes.com\/web\/wp-json\/wp\/v2\/media\/22146"}],"wp:attachment":[{"href":"https:\/\/bisbalpenedes.com\/web\/wp-json\/wp\/v2\/media?parent=22613"}],"wp:term":[{"taxonomy":"category","embeddable":true,"href":"https:\/\/bisbalpenedes.com\/web\/wp-json\/wp\/v2\/categories?post=22613"},{"taxonomy":"post_tag","embeddable":true,"href":"https:\/\/bisbalpenedes.com\/web\/wp-json\/wp\/v2\/tags?post=22613"}],"curies":[{"name":"wp","href":"https:\/\/api.w.org\/{rel}","templated":true}]}}