{"id":22605,"date":"2022-07-12T19:47:37","date_gmt":"2022-07-12T17:47:37","guid":{"rendered":"https:\/\/bisbalpenedes.com\/web\/?p=22605"},"modified":"2022-07-12T19:50:00","modified_gmt":"2022-07-12T17:50:00","slug":"lalcaldessa-es-reuneix-amb-les-persones-seleccionades-perque-formin-part-de-lauditoria-ciutadana","status":"publish","type":"post","link":"https:\/\/bisbalpenedes.com\/web\/2022\/07\/12\/lalcaldessa-es-reuneix-amb-les-persones-seleccionades-perque-formin-part-de-lauditoria-ciutadana\/","title":{"rendered":"L&#8217;alcaldessa s&#8217;ha reunit amb les persones seleccionades perqu\u00e8 formin part de l&#8217;Auditoria Ciutadana"},"content":{"rendered":"\n<p>L&#8217;alcaldessa de la Bisbal del Pened\u00e8s, Agn\u00e8s Ferr\u00e9, s&#8217;ha reunit avui dimarts 12 de juliol amb les persones seleccionades -mitjan\u00e7ant sorteig- perqu\u00e8 formin part de l&#8217;Auditoria Ciutadana. En total, la Junta de Govern del 13 de juny va seleccionar -per sorteig- 10 persones majors de 18 anys perqu\u00e8 formessin part de l&#8217;Auditoria Ciutadana. La participaci\u00f3 en cap cas \u00e9s obligat\u00f2ria i, la participaci\u00f3, permet que les persones escollides puguin consultar documentaci\u00f3 de la comissi\u00f3 de comptes i assistir com a oients a la Comissi\u00f3 de Comptes del pressupost 2021 de l&#8217;Ajuntament de la Bisbal del Pened\u00e8s.<\/p>\n\n\n\n<p>La reuni\u00f3 d&#8217;aquest dimarts ha servit per explicar als assistents el funcionament de l&#8217;Auditoria Ciutadana i dels comptes municipals. Tal com es detalla en el Reglament d&#8217;Organitzaci\u00f3 Municipal (ROM):<\/p>\n\n\n\n<p>\u201cL\u2019Auditoria Ciutadana no \u00e9s un \u00f2rgan col\u00b7legiat. L\u2019objectiu \u00e9s acostar els comptes municipals a la ciutadania. En la Junta de Govern Local anterior a la convocat\u00f2ria de la Comissi\u00f3 de comptes, es triaran aleat\u00f2riament pel cens 10 persones majors d\u2019edat que participaran com a convidats, de manera volunt\u00e0ria i com a oients, de la Comissi\u00f3 de Comptes (consultar factures, comptabilitat\u2026). Aquestes 10 persones rebran la notificaci\u00f3 de la Junta de Govern local conforme se\u2019ls convida a participar-hi. En la mateixa notificaci\u00f3 se\u2019ls citar\u00e0 a l\u2019Ajuntament perqu\u00e8 secretaria-intervenci\u00f3 i el\/la regidor\/a d\u2019Hisenda els expliquin el funcionament de la comissi\u00f3 de comptes. Podran consultar la documentaci\u00f3 de la comissi\u00f3 de comptes dins d&#8217;un termini de 15 dies i assistir com a oients de la Comissi\u00f3 de Comptes\u201d.<\/p>\n\n\n\n<hr class=\"wp-block-separator has-alpha-channel-opacity\"\/>\n\n\n\n<p><strong>CASTELLANO |<\/strong> La alcaldesa de la Bisbal del Pened\u00e8s, Agn\u00e8s Ferr\u00e9, se ha reunido hoy martes 12 de julio con las personas seleccionadas -mediante sorteo- para que formen parte de la Auditor\u00eda Ciudadana. En total, la Junta de Gobierno del 13 de junio seleccion\u00f3 -por sorteo- a 10 personas mayores de 18 a\u00f1os para que formaran parte de la Auditor\u00eda Ciudadana. La participaci\u00f3n en ning\u00fan caso es obligatoria y, la participaci\u00f3n, permite que las personas elegidas puedan consultar documentaci\u00f3n de la comisi\u00f3n de cuentas y asistir como oyentes a la Comisi\u00f3n de Cuentas del presupuesto 2021 del Ayuntamiento de la Bisbal del Pened\u00e8s.<\/p>\n\n\n\n<p>La reuni\u00f3n de este martes ha servido para explicarles a los asistentes el funcionamiento de la Auditor\u00eda Ciudadana y de las cuentas municipales. Tal como se detalla en el Reglamento de Organizaci\u00f3n Municipal (ROM):<\/p>\n\n\n\n<p>&#8220;La Auditor\u00eda Ciudadana no es un \u00f3rgano colegiado. El objetivo es acercar las cuentas municipales a la ciudadan\u00eda. En la Junta de Gobierno Local anterior a la convocatoria de la Comisi\u00f3n de cuentas, se escoger\u00e1n aleatoriamente del censo 10 personas mayores de edad que participar\u00e1n como invitadas, de forma voluntaria y como oyentes, de la Comisi\u00f3n de cuentas (consultar facturas, contabilidad&#8230;). Estas 10 personas recibir\u00e1n la notificaci\u00f3n de la Junta de Gobierno local conforme est\u00e1n invitadas a participar. En la misma notificaci\u00f3n se les citar\u00e1 en el Ayuntamiento para que secretar\u00eda-intervenci\u00f3n y el \/la concejal\/a de Hacienda les expliquen el funcionamiento de la comisi\u00f3n de cuentas. Podr\u00e1n consultar la documentaci\u00f3n de la comisi\u00f3n de cuentas dentro de un plazo de 15 d\u00edas y asistir como oyentes a la Comisi\u00f3n de Cuentas&#8221;.<\/p>\n","protected":false},"excerpt":{"rendered":"<p>L&#8217;alcaldessa de la Bisbal del Pened\u00e8s, Agn\u00e8s Ferr\u00e9, s&#8217;ha reunit avui dimarts 12 de juliol amb les persones seleccionades -mitjan\u00e7ant sorteig- perqu\u00e8 formin part de l&#8217;Auditoria Ciutadana. En total, la &hellip; <a href=\"https:\/\/bisbalpenedes.com\/web\/2022\/07\/12\/lalcaldessa-es-reuneix-amb-les-persones-seleccionades-perque-formin-part-de-lauditoria-ciutadana\/\" class=\"more-link\">Read More<\/a><\/p>\n","protected":false},"author":4,"featured_media":22606,"comment_status":"closed","ping_status":"closed","sticky":false,"template":"","format":"standard","meta":[],"categories":[2057,3835,8],"tags":[2074,459,393,479],"_links":{"self":[{"href":"https:\/\/bisbalpenedes.com\/web\/wp-json\/wp\/v2\/posts\/22605"}],"collection":[{"href":"https:\/\/bisbalpenedes.com\/web\/wp-json\/wp\/v2\/posts"}],"about":[{"href":"https:\/\/bisbalpenedes.com\/web\/wp-json\/wp\/v2\/types\/post"}],"author":[{"embeddable":true,"href":"https:\/\/bisbalpenedes.com\/web\/wp-json\/wp\/v2\/users\/4"}],"replies":[{"embeddable":true,"href":"https:\/\/bisbalpenedes.com\/web\/wp-json\/wp\/v2\/comments?post=22605"}],"version-history":[{"count":2,"href":"https:\/\/bisbalpenedes.com\/web\/wp-json\/wp\/v2\/posts\/22605\/revisions"}],"predecessor-version":[{"id":22608,"href":"https:\/\/bisbalpenedes.com\/web\/wp-json\/wp\/v2\/posts\/22605\/revisions\/22608"}],"wp:featuredmedia":[{"embeddable":true,"href":"https:\/\/bisbalpenedes.com\/web\/wp-json\/wp\/v2\/media\/22606"}],"wp:attachment":[{"href":"https:\/\/bisbalpenedes.com\/web\/wp-json\/wp\/v2\/media?parent=22605"}],"wp:term":[{"taxonomy":"category","embeddable":true,"href":"https:\/\/bisbalpenedes.com\/web\/wp-json\/wp\/v2\/categories?post=22605"},{"taxonomy":"post_tag","embeddable":true,"href":"https:\/\/bisbalpenedes.com\/web\/wp-json\/wp\/v2\/tags?post=22605"}],"curies":[{"name":"wp","href":"https:\/\/api.w.org\/{rel}","templated":true}]}}