{"id":22601,"date":"2022-07-12T18:53:53","date_gmt":"2022-07-12T16:53:53","guid":{"rendered":"https:\/\/bisbalpenedes.com\/web\/?p=22601"},"modified":"2022-07-12T18:53:53","modified_gmt":"2022-07-12T16:53:53","slug":"sobre-la-convocatoria-de-dues-places-de-brigada-de-jardineria-i-neteja-viaria-a-lajuntament-de-la-bisbal-del-penedes-per-merits","status":"publish","type":"post","link":"https:\/\/bisbalpenedes.com\/web\/2022\/07\/12\/sobre-la-convocatoria-de-dues-places-de-brigada-de-jardineria-i-neteja-viaria-a-lajuntament-de-la-bisbal-del-penedes-per-merits\/","title":{"rendered":"S\u2019obre la convocat\u00f2ria de dues places de brigada de jardineria i neteja vi\u00e0ria a l\u2019Ajuntament de la Bisbal del Pened\u00e8s, per m\u00e8rits"},"content":{"rendered":"\n<p>El dimecres 13 de juliol s&#8217;obre la convocat\u00f2ria de dues places de brigada de jardineria i neteja vi\u00e0ria a l&#8217;Ajuntament de la Bisbal del Pened\u00e8s, corresponents al grup municipal AP. El termini per presentar ofertes finalitzar\u00e0 el dimarts 9 d&#8217;agost (incl\u00f2s)<\/p>\n\n\n\n<p><strong>FUNCIONS<\/strong><\/p>\n\n\n\n<ul><li>Neteja dels carrers, places, vies i espais oberts de titularitat municipal.<\/li><li>Neteja, conservaci\u00f3, manteniment i millora de les zones verdes p\u00fabliques.<\/li><li>Conservaci\u00f3, manteniment i millora de l\u2019arbrat municipal.<\/li><\/ul>\n\n\n\n<p>Totes aquestes funcions s\u2019exerciran sota la direcci\u00f3 dels t\u00e8cnics i el coordinador de la unitat.<\/p>\n\n\n\n<p><\/p>\n\n\n\n<p>Enlla\u00e7 al Diari Oficial de la Generalitat (DOGC) amb tota la informaci\u00f3: <a href=\"https:\/\/dogc.gencat.cat\/ca\/document-del-dogc\/?documentId=933699\" target=\"_blank\" rel=\"noreferrer noopener\">https:\/\/dogc.gencat.cat\/ca\/document-del-dogc\/?documentId=933699<\/a><\/p>\n\n\n\n<p>Es crear\u00e0 una borsa de treball amb les persones aspirants que hagin superat el proc\u00e9s selectiu i no resultin nomenades. Ser\u00e0 una borsa per cobrir vacants temporals (com per exemple baixes) o per atendre necessitats urgents.<\/p>\n\n\n\n<hr class=\"wp-block-separator has-alpha-channel-opacity\"\/>\n\n\n\n<p><strong>CASTELLANO |<\/strong> El mi\u00e9rcoles 13 de julio se abre la convocatoria de dos plazas de brigada de jardiner\u00eda y limpieza vial en el Ayuntamiento de la Bisbal del Pened\u00e8s, correspondientes al grupo municipal AP. El plazo para presentar ofertas finalizar\u00e1 el martes 9 de agosto (incluido).<\/p>\n\n\n\n<p><strong>FUNCIONES<\/strong><\/p>\n\n\n\n<ul><li>Limpieza de las calles, plazas, v\u00edas y espacios abiertos de titularidad municipal.<\/li><li>Limpieza, conservaci\u00f3n, mantenimiento y mejora de las zonas verdes p\u00fablicas.<\/li><li>Conservaci\u00f3n, mantenimiento y mejora del arbolado municipal.<\/li><\/ul>\n\n\n\n<p>Todas estas funciones se ejercer\u00e1n bajo la direcci\u00f3n de los t\u00e9cnicos y el coordinador de la unidad.<\/p>\n\n\n\n<p><\/p>\n\n\n\n<p>Enlace al Diario Oficial de la Generalitat (DOGC) con toda la informaci\u00f3n: <a href=\"https:\/\/dogc.gencat.cat\/ca\/document-del-dogc\/?documentId=933699\" target=\"_blank\" rel=\"noreferrer noopener\">https:\/\/dogc.gencat.cat\/ca\/document-del-dogc\/?documentId=933699<\/a><\/p>\n\n\n\n<p>Se crear\u00e1 una bolsa de trabajo con las personas aspirantes que hayan superado el proceso selectivo y no salgan nombradas. Ser\u00e1 una bolsa para cubrir vacantes temporales (como por ejemplo bajas) o para atender necesidades urgentes.<\/p>\n","protected":false},"excerpt":{"rendered":"<p>El dimecres 13 de juliol s&#8217;obre la convocat\u00f2ria de dues places de brigada de jardineria i neteja vi\u00e0ria a l&#8217;Ajuntament de la Bisbal del Pened\u00e8s, corresponents al grup municipal AP. &hellip; <a href=\"https:\/\/bisbalpenedes.com\/web\/2022\/07\/12\/sobre-la-convocatoria-de-dues-places-de-brigada-de-jardineria-i-neteja-viaria-a-lajuntament-de-la-bisbal-del-penedes-per-merits\/\" class=\"more-link\">Read More<\/a><\/p>\n","protected":false},"author":4,"featured_media":22602,"comment_status":"closed","ping_status":"closed","sticky":false,"template":"","format":"standard","meta":[],"categories":[2402,8],"tags":[216,156,383,1422,393,2215,1125],"_links":{"self":[{"href":"https:\/\/bisbalpenedes.com\/web\/wp-json\/wp\/v2\/posts\/22601"}],"collection":[{"href":"https:\/\/bisbalpenedes.com\/web\/wp-json\/wp\/v2\/posts"}],"about":[{"href":"https:\/\/bisbalpenedes.com\/web\/wp-json\/wp\/v2\/types\/post"}],"author":[{"embeddable":true,"href":"https:\/\/bisbalpenedes.com\/web\/wp-json\/wp\/v2\/users\/4"}],"replies":[{"embeddable":true,"href":"https:\/\/bisbalpenedes.com\/web\/wp-json\/wp\/v2\/comments?post=22601"}],"version-history":[{"count":1,"href":"https:\/\/bisbalpenedes.com\/web\/wp-json\/wp\/v2\/posts\/22601\/revisions"}],"predecessor-version":[{"id":22603,"href":"https:\/\/bisbalpenedes.com\/web\/wp-json\/wp\/v2\/posts\/22601\/revisions\/22603"}],"wp:featuredmedia":[{"embeddable":true,"href":"https:\/\/bisbalpenedes.com\/web\/wp-json\/wp\/v2\/media\/22602"}],"wp:attachment":[{"href":"https:\/\/bisbalpenedes.com\/web\/wp-json\/wp\/v2\/media?parent=22601"}],"wp:term":[{"taxonomy":"category","embeddable":true,"href":"https:\/\/bisbalpenedes.com\/web\/wp-json\/wp\/v2\/categories?post=22601"},{"taxonomy":"post_tag","embeddable":true,"href":"https:\/\/bisbalpenedes.com\/web\/wp-json\/wp\/v2\/tags?post=22601"}],"curies":[{"name":"wp","href":"https:\/\/api.w.org\/{rel}","templated":true}]}}