{"id":22598,"date":"2022-07-12T18:38:19","date_gmt":"2022-07-12T16:38:19","guid":{"rendered":"https:\/\/bisbalpenedes.com\/web\/?p=22598"},"modified":"2022-07-12T18:38:19","modified_gmt":"2022-07-12T16:38:19","slug":"sobre-la-convocatoria-de-dues-places-de-brigada-dobres-i-reparacions-a-lajuntament-de-la-bisbal-del-penedes-per-merits","status":"publish","type":"post","link":"https:\/\/bisbalpenedes.com\/web\/2022\/07\/12\/sobre-la-convocatoria-de-dues-places-de-brigada-dobres-i-reparacions-a-lajuntament-de-la-bisbal-del-penedes-per-merits\/","title":{"rendered":"S&#8217;obre la convocat\u00f2ria de dues places de brigada d&#8217;obres i reparacions a l&#8217;Ajuntament de la Bisbal del Pened\u00e8s, per m\u00e8rits"},"content":{"rendered":"\n<p>El dimecres 13 de juliol s&#8217;obre la convocat\u00f2ria d&#8217;una pla\u00e7a de brigada d&#8217;obres i reparacions a l&#8217;Ajuntament de la Bisbal del Pened\u00e8s, corresponent al grup professional AP. El termini per presentar ofertes finalitzar\u00e0 el dimarts 9 d&#8217;agost (incl\u00f2s).<\/p>\n\n\n\n<p>FUNCIONS<\/p>\n\n\n\n<ul><li>Execuci\u00f3 d\u2019obres p\u00fabliques que no siguin objecte de contractaci\u00f3 externa.<\/li><li>Execuci\u00f3 d\u2019obres de manteniment, conservaci\u00f3 i reparaci\u00f3 de la via p\u00fablica, dels edificis municipals i, en general, dels b\u00e9ns immobles de titularitat municipal.<\/li><li>Execuci\u00f3 d\u2019obres de manteniment, conservaci\u00f3 i reparaci\u00f3 de les xarxes de serveis municipals quan no correspongui a l\u2019empresa concession\u00e0ria.<\/li><li>Qualsevol altra funci\u00f3 d\u2019acord amb el nivell i el grup de classificaci\u00f3 professionals<\/li><\/ul>\n\n\n\n<p>Totes aquestes funcions s\u2019exerciran sota la direcci\u00f3 dels t\u00e8cnics i el coordinador de la unitat.<\/p>\n\n\n\n<p>Enlla\u00e7 al Diari Oficial de la Generalitat (DOGC) amb tota la informaci\u00f3: <a href=\"https:\/\/dogc.gencat.cat\/ca\/document-del-dogc\/?documentId=933660\" target=\"_blank\" rel=\"noreferrer noopener\">https:\/\/dogc.gencat.cat\/ca\/document-del-dogc\/?documentId=933660<\/a><\/p>\n\n\n\n<p>Es crear\u00e0 una borsa de treball amb les persones aspirants que hagin superat el proc\u00e9s selectiu i no resultin nomenades. Ser\u00e0 una borsa per cobrir vacants temporals (com per exemple baixes) o per atendre necessitats urgents.<\/p>\n\n\n\n<hr class=\"wp-block-separator has-alpha-channel-opacity\"\/>\n\n\n\n<p><strong>CASTELLANO |<\/strong>&nbsp;El mi\u00e9rcoles 13 de julio se abre la convocatoria de una plaza de brigada de obras y reparaciones en el Ayuntamiento de la Bisbal del Pened\u00e8s, correspondiente al grupo profesional AP. El plazo para presentar ofertas finalizar\u00e1 el martes 9 de agosto (incluido).<\/p>\n\n\n\n<p><strong>FUNCIONES<\/strong><\/p>\n\n\n\n<ul><li>Ejecuci\u00f3n de obras p\u00fablicas que no sean objeto de contrataci\u00f3n externa.<\/li><li>Ejecuci\u00f3n de obras de mantenimiento, conservaci\u00f3n y reparaci\u00f3n de la v\u00eda p\u00fablica, de los edificios municipales y, en general, de los bienes inmuebles de titularidad municipal.<\/li><li>Ejecuci\u00f3n de obras de mantenimiento, conservaci\u00f3n y reparaci\u00f3n de las redes de servicios municipales cuando no corresponda a la empresa concesionaria.<\/li><li>Cualquier otra funci\u00f3n de acuerdo con el nivel y el grupo de clasificaci\u00f3n profesionales.<\/li><\/ul>\n\n\n\n<p>Todas estas funciones se ejercer\u00e1n bajo la direcci\u00f3n de los t\u00e9cnicos y el coordinador de la unidad.<\/p>\n\n\n\n<p>Enlace al Diario Oficial de la Generalitat (DOGC) con toda la informaci\u00f3n: <a href=\"https:\/\/dogc.gencat.cat\/ca\/document-del-dogc\/?documentId=933660\" target=\"_blank\" rel=\"noreferrer noopener\">https:\/\/dogc.gencat.cat\/ca\/document-del-dogc\/?documentId=933660<\/a><\/p>\n\n\n\n<p>Se crear\u00e1 una bolsa de trabajo con las personas aspirantes que hayan superado el proceso selectivo y no resulten nombradas. Ser\u00e1 una bolsa para cubrir vacantes temporales (como por ejemplo bajas) o para atender necesidades urgentes.<\/p>\n","protected":false},"excerpt":{"rendered":"<p>El dimecres 13 de juliol s&#8217;obre la convocat\u00f2ria d&#8217;una pla\u00e7a de brigada d&#8217;obres i reparacions a l&#8217;Ajuntament de la Bisbal del Pened\u00e8s, corresponent al grup professional AP. El termini per &hellip; <a href=\"https:\/\/bisbalpenedes.com\/web\/2022\/07\/12\/sobre-la-convocatoria-de-dues-places-de-brigada-dobres-i-reparacions-a-lajuntament-de-la-bisbal-del-penedes-per-merits\/\" class=\"more-link\">Read More<\/a><\/p>\n","protected":false},"author":4,"featured_media":22599,"comment_status":"closed","ping_status":"closed","sticky":false,"template":"","format":"standard","meta":[],"categories":[2402,8],"tags":[216,156,383,393,5391],"_links":{"self":[{"href":"https:\/\/bisbalpenedes.com\/web\/wp-json\/wp\/v2\/posts\/22598"}],"collection":[{"href":"https:\/\/bisbalpenedes.com\/web\/wp-json\/wp\/v2\/posts"}],"about":[{"href":"https:\/\/bisbalpenedes.com\/web\/wp-json\/wp\/v2\/types\/post"}],"author":[{"embeddable":true,"href":"https:\/\/bisbalpenedes.com\/web\/wp-json\/wp\/v2\/users\/4"}],"replies":[{"embeddable":true,"href":"https:\/\/bisbalpenedes.com\/web\/wp-json\/wp\/v2\/comments?post=22598"}],"version-history":[{"count":1,"href":"https:\/\/bisbalpenedes.com\/web\/wp-json\/wp\/v2\/posts\/22598\/revisions"}],"predecessor-version":[{"id":22600,"href":"https:\/\/bisbalpenedes.com\/web\/wp-json\/wp\/v2\/posts\/22598\/revisions\/22600"}],"wp:featuredmedia":[{"embeddable":true,"href":"https:\/\/bisbalpenedes.com\/web\/wp-json\/wp\/v2\/media\/22599"}],"wp:attachment":[{"href":"https:\/\/bisbalpenedes.com\/web\/wp-json\/wp\/v2\/media?parent=22598"}],"wp:term":[{"taxonomy":"category","embeddable":true,"href":"https:\/\/bisbalpenedes.com\/web\/wp-json\/wp\/v2\/categories?post=22598"},{"taxonomy":"post_tag","embeddable":true,"href":"https:\/\/bisbalpenedes.com\/web\/wp-json\/wp\/v2\/tags?post=22598"}],"curies":[{"name":"wp","href":"https:\/\/api.w.org\/{rel}","templated":true}]}}