{"id":22590,"date":"2022-07-12T18:13:22","date_gmt":"2022-07-12T16:13:22","guid":{"rendered":"https:\/\/bisbalpenedes.com\/web\/?p=22590"},"modified":"2022-07-12T18:13:22","modified_gmt":"2022-07-12T16:13:22","slug":"sobre-la-convocatoria-d1-placa-de-brigada-denllumenat-per-merits-a-lajuntament-de-la-bisbal-del-penedes","status":"publish","type":"post","link":"https:\/\/bisbalpenedes.com\/web\/2022\/07\/12\/sobre-la-convocatoria-d1-placa-de-brigada-denllumenat-per-merits-a-lajuntament-de-la-bisbal-del-penedes\/","title":{"rendered":"S&#8217;obre la convocat\u00f2ria d&#8217;1 pla\u00e7a de brigada d&#8217;enllumenat -per m\u00e8rits- a l&#8217;Ajuntament de la Bisbal del Pened\u00e8s"},"content":{"rendered":"\n<p>El dimecres 13 de juliol s&#8217;obre la convocat\u00f2ria d&#8217;una pla\u00e7a de brigada d&#8217;enllumenat p\u00fablic a l&#8217;Ajuntament de la Bisbal del Pened\u00e8s, corresponent al grup professional AP. El termini per presentar ofertes finalitzar\u00e0 el dimarts 9 d&#8217;agost (incl\u00f2s).<\/p>\n\n\n\n<p><strong>FUNCIONS<\/strong><\/p>\n\n\n\n<ul><li>Manteniment, reparaci\u00f3 i millora de la xarxa d&#8217;enllumenat municipal pels carrers, places, vies i espais oberts de titularitat municipal.<\/li><li>Manteniment, reparaci\u00f3 i millora de la xarxa d&#8217;enllumenat dels edificis municipals.<\/li><li>Manteniment, reparaci\u00f3 i millora de la xarxa d&#8217;enllumenat dels diferents serveis municipals.<\/li><li>Qualsevol altra funci\u00f3 d&#8217;acord amb el nivell i el grup de classificaci\u00f3 professionals.<\/li><\/ul>\n\n\n\n<p>Totes aquestes funcions s&#8217;exerciran sota la direcci\u00f3 dels t\u00e8cnics i el coordinador de la unitat.<\/p>\n\n\n\n<p>Enlla\u00e7 al Diari Oficial de la Generalitat (DOGC) amb tota la informaci\u00f3:<\/p>\n\n\n\n<p><a href=\"https:\/\/dogc.gencat.cat\/ca\/document-del-dogc\/?documentId=933694\">https:\/\/dogc.gencat.cat\/ca\/document-del-dogc\/?documentId=933694<\/a><\/p>\n\n\n\n<p>Es crear\u00e0 una borsa de treball amb les persones aspirants que hagin superat el proc\u00e9s selectiu i no resultin nomenades. Ser\u00e0 una borsa per cobrir vacants temporals (com per exemple baixes) o per atendre necessitats urgents.<\/p>\n\n\n\n<hr class=\"wp-block-separator has-alpha-channel-opacity\"\/>\n\n\n\n<p><strong>CASTELLANO |<\/strong> El mi\u00e9rcoles 13 de julio se abre la convocatoria de una plaza de brigada de alumbrado p\u00fablico en el Ayuntamiento de la Bisbal del Pened\u00e8s, correspondiente al grupo profesional AP. El plazo para presentar ofertas finalizar\u00e1 el martes 9 de agosto (incluido).<\/p>\n\n\n\n<p><strong>FUNCIONES<\/strong><\/p>\n\n\n\n<ul><li>Mantenimiento, reparaci\u00f3n y mejora de la red de alumbrado municipal para las calles, plazas, v\u00edas y espacios abiertos de titularidad municipal.<\/li><li>Mantenimiento, reparaci\u00f3n y mejora de la red de alumbrado de los edificios municipales.<\/li><li>Mantenimiento, reparaci\u00f3n y mejora de la red de alumbrado de los distintos servicios municipales.<\/li><li>Cualquier otra funci\u00f3n de acuerdo con el nivel y el grupo de clasificaci\u00f3n profesionales.<\/li><\/ul>\n\n\n\n<p>Todas estas funciones se ejercer\u00e1n bajo la direcci\u00f3n de los t\u00e9cnicos y el coordinador de la unidad.<\/p>\n\n\n\n<p>Enlace al Diario Oficial de la Generalitat (DOGC) con toda la informaci\u00f3n:<\/p>\n\n\n\n<p><a href=\"https:\/\/dogc.gencat.cat\/ca\/document-del-dogc\/?documentId=933694\">https:\/\/dogc.gencat.cat\/ca\/document-del-dogc\/?documentId=933694<\/a><\/p>\n\n\n\n<p>Se crear\u00e1 una bolsa de trabajo con las personas aspirantes que hayan superado el proceso selectivo y no resulten nombradas. Ser\u00e1 una bolsa para cubrir vacantes temporales (como por ejemplo bajas) o para atender necesidades urgentes.<\/p>\n","protected":false},"excerpt":{"rendered":"<p>El dimecres 13 de juliol s&#8217;obre la convocat\u00f2ria d&#8217;una pla\u00e7a de brigada d&#8217;enllumenat p\u00fablic a l&#8217;Ajuntament de la Bisbal del Pened\u00e8s, corresponent al grup professional AP. El termini per presentar &hellip; <a href=\"https:\/\/bisbalpenedes.com\/web\/2022\/07\/12\/sobre-la-convocatoria-d1-placa-de-brigada-denllumenat-per-merits-a-lajuntament-de-la-bisbal-del-penedes\/\" class=\"more-link\">Read More<\/a><\/p>\n","protected":false},"author":4,"featured_media":22592,"comment_status":"closed","ping_status":"closed","sticky":false,"template":"","format":"standard","meta":[],"categories":[2402,8],"tags":[176,2462,383,442,1106,1105,393,1834],"_links":{"self":[{"href":"https:\/\/bisbalpenedes.com\/web\/wp-json\/wp\/v2\/posts\/22590"}],"collection":[{"href":"https:\/\/bisbalpenedes.com\/web\/wp-json\/wp\/v2\/posts"}],"about":[{"href":"https:\/\/bisbalpenedes.com\/web\/wp-json\/wp\/v2\/types\/post"}],"author":[{"embeddable":true,"href":"https:\/\/bisbalpenedes.com\/web\/wp-json\/wp\/v2\/users\/4"}],"replies":[{"embeddable":true,"href":"https:\/\/bisbalpenedes.com\/web\/wp-json\/wp\/v2\/comments?post=22590"}],"version-history":[{"count":1,"href":"https:\/\/bisbalpenedes.com\/web\/wp-json\/wp\/v2\/posts\/22590\/revisions"}],"predecessor-version":[{"id":22593,"href":"https:\/\/bisbalpenedes.com\/web\/wp-json\/wp\/v2\/posts\/22590\/revisions\/22593"}],"wp:featuredmedia":[{"embeddable":true,"href":"https:\/\/bisbalpenedes.com\/web\/wp-json\/wp\/v2\/media\/22592"}],"wp:attachment":[{"href":"https:\/\/bisbalpenedes.com\/web\/wp-json\/wp\/v2\/media?parent=22590"}],"wp:term":[{"taxonomy":"category","embeddable":true,"href":"https:\/\/bisbalpenedes.com\/web\/wp-json\/wp\/v2\/categories?post=22590"},{"taxonomy":"post_tag","embeddable":true,"href":"https:\/\/bisbalpenedes.com\/web\/wp-json\/wp\/v2\/tags?post=22590"}],"curies":[{"name":"wp","href":"https:\/\/api.w.org\/{rel}","templated":true}]}}