{"id":22579,"date":"2022-07-11T12:46:03","date_gmt":"2022-07-11T10:46:03","guid":{"rendered":"https:\/\/bisbalpenedes.com\/web\/?p=22579"},"modified":"2022-07-11T12:46:03","modified_gmt":"2022-07-11T10:46:03","slug":"avis-sobre-possibles-incidencies-en-la-recepcio-de-tdt-a-partir-de-l11-de-juliol-de-2022","status":"publish","type":"post","link":"https:\/\/bisbalpenedes.com\/web\/2022\/07\/11\/avis-sobre-possibles-incidencies-en-la-recepcio-de-tdt-a-partir-de-l11-de-juliol-de-2022\/","title":{"rendered":"Av\u00eds sobre possibles incid\u00e8ncies en la recepci\u00f3 de TDT a partir de l&#8217;11 de juliol de 2022"},"content":{"rendered":"\n<p>Us informem que, a partir d&#8217;aquesta setmana (de l&#8217;11 de juliol de 2022) els operadors m\u00f2bils realitzaran el proc\u00e9s d&#8217;implantaci\u00f3 dels serveis de telefonia m\u00f2bil de nova generaci\u00f3 4G i 5G, sobre les bandes de 800 i 700 MHz a la Bisbal del Pened\u00e8s.<br><br>Aquesta implantaci\u00f3 suposar\u00e0 una millor cobertura i velocitat de connexi\u00f3 a internet, aix\u00ed com la millora de serveis de televisi\u00f3, entre altres. No obstant aix\u00f2, durant aquesta activaci\u00f3, alguns ve\u00efns i ve\u00efnes podr\u00edeu experimentar alguna incid\u00e8ncia relacionada amb la recepci\u00f3 del senyal de la Televisi\u00f3 Digital Terrestre (TDT).<br><br>Per tot plegat, us informem que Llega700 \u00e9s l&#8217;empresa que gestionar\u00e0, de forma gratu\u00efta per la ciutadania, les incid\u00e8ncies en la recepci\u00f3 del senyal de la TDT causades per la implantaci\u00f3 dels serveis 4G i 5G a la Bisbal del Pened\u00e8s.<br><br>Per a incid\u00e8ncies, us podeu adre\u00e7ar:<br><br>-Al tel\u00e8fon gratu\u00eft 900 833 999<br><br>-Al correu electr\u00f2nic\u00a0<a rel=\"noreferrer noopener\" href=\"mailto:ayuda@llega700.es\" target=\"_blank\">ayuda@llega700.es<\/a><br><\/p>\n\n\n\n<hr class=\"wp-block-separator has-alpha-channel-opacity\"\/>\n\n\n\n<p><br><strong>CASTELLANO<\/strong> | Os informamos de que, a partir de esta semana (del 11 de julio de 2022) los operadores m\u00f3viles realizar\u00e1n el proceso de implantaci\u00f3n de los servicios de telefon\u00eda m\u00f3vil de nueva generaci\u00f3n 4G y 5G, sobre las bandas de 800 y 700 MHz en la Bisbal del Pened\u00e8s.<br><br>Esta implantaci\u00f3n supondr\u00e1 una mejor cobertura y velocidad de conexi\u00f3n a internet, as\u00ed como la mejora de servicios de televisi\u00f3n, entro otros. No obstante, durante esta activaci\u00f3n, algunos vecinos y vecinas podr\u00edais experimentar alguna incidencia relacionada con la recepci\u00f3n de la se\u00f1al de la Televisi\u00f3n Digital Terrestre (TDT).<br><br>Por todo ello, os informamos de que Llega700 es la empresa que gestionar\u00e1, de forma gratuita para la ciudadan\u00eda, las incidencias en la recepci\u00f3n de la se\u00f1al de la TDT causadas por la implantaci\u00f3n de los servicios 4G y 5G en la Bisbal del Pened\u00e8s.<br><br>Para incidencias, os pod\u00e9is dirigir:<br><br>-Al tel\u00e9fono gratuito 900 833 999<br><br>-Al correo electr\u00f3nico\u00a0<a rel=\"noreferrer noopener\" href=\"mailto:ayuda@%20llega700.es\" target=\"_blank\">ayuda@ llega700.es<\/a><br><\/p>\n","protected":false},"excerpt":{"rendered":"<p>Us informem que, a partir d&#8217;aquesta setmana (de l&#8217;11 de juliol de 2022) els operadors m\u00f2bils realitzaran el proc\u00e9s d&#8217;implantaci\u00f3 dels serveis de telefonia m\u00f2bil de nova generaci\u00f3 4G i &hellip; <a href=\"https:\/\/bisbalpenedes.com\/web\/2022\/07\/11\/avis-sobre-possibles-incidencies-en-la-recepcio-de-tdt-a-partir-de-l11-de-juliol-de-2022\/\" class=\"more-link\">Read More<\/a><\/p>\n","protected":false},"author":4,"featured_media":22580,"comment_status":"closed","ping_status":"closed","sticky":false,"template":"","format":"standard","meta":[],"categories":[1628,8],"tags":[4613,459,393,5390,818,289],"_links":{"self":[{"href":"https:\/\/bisbalpenedes.com\/web\/wp-json\/wp\/v2\/posts\/22579"}],"collection":[{"href":"https:\/\/bisbalpenedes.com\/web\/wp-json\/wp\/v2\/posts"}],"about":[{"href":"https:\/\/bisbalpenedes.com\/web\/wp-json\/wp\/v2\/types\/post"}],"author":[{"embeddable":true,"href":"https:\/\/bisbalpenedes.com\/web\/wp-json\/wp\/v2\/users\/4"}],"replies":[{"embeddable":true,"href":"https:\/\/bisbalpenedes.com\/web\/wp-json\/wp\/v2\/comments?post=22579"}],"version-history":[{"count":1,"href":"https:\/\/bisbalpenedes.com\/web\/wp-json\/wp\/v2\/posts\/22579\/revisions"}],"predecessor-version":[{"id":22581,"href":"https:\/\/bisbalpenedes.com\/web\/wp-json\/wp\/v2\/posts\/22579\/revisions\/22581"}],"wp:featuredmedia":[{"embeddable":true,"href":"https:\/\/bisbalpenedes.com\/web\/wp-json\/wp\/v2\/media\/22580"}],"wp:attachment":[{"href":"https:\/\/bisbalpenedes.com\/web\/wp-json\/wp\/v2\/media?parent=22579"}],"wp:term":[{"taxonomy":"category","embeddable":true,"href":"https:\/\/bisbalpenedes.com\/web\/wp-json\/wp\/v2\/categories?post=22579"},{"taxonomy":"post_tag","embeddable":true,"href":"https:\/\/bisbalpenedes.com\/web\/wp-json\/wp\/v2\/tags?post=22579"}],"curies":[{"name":"wp","href":"https:\/\/api.w.org\/{rel}","templated":true}]}}