{"id":22571,"date":"2022-07-11T10:59:49","date_gmt":"2022-07-11T08:59:49","guid":{"rendered":"https:\/\/bisbalpenedes.com\/web\/?p=22571"},"modified":"2022-07-11T10:59:49","modified_gmt":"2022-07-11T08:59:49","slug":"els-premiats-del-sorteig-de-la-campanya-comercial-testimo-comerc-bisbalenc-residu-zero-recullen-els-seus-premis","status":"publish","type":"post","link":"https:\/\/bisbalpenedes.com\/web\/2022\/07\/11\/els-premiats-del-sorteig-de-la-campanya-comercial-testimo-comerc-bisbalenc-residu-zero-recullen-els-seus-premis\/","title":{"rendered":"Els premiats del sorteig de la campanya comercial &#8216;T&#8217;estimo comer\u00e7 Bisbalenc. Residu Zero&#8217; recullen els seus premis"},"content":{"rendered":"\n<p>Els premiats del sorteig de la campanya comercial \u2019T\u2019estimo comer\u00e7 Bisbalenc. Residu Zero\u2019 han anat recollint els seus premis a l\u2019Ajuntament. Encara en queden alguns per recollir, per\u00f2 aqu\u00ed us deixem algunes fotografies d\u2019alguns dels afortunats. Gr\u00e0cies a tots i totes per participar en la campanya comercial. Jo compro al comer\u00e7 bisbalenc. I tu?<\/p>\n\n\n\n<hr class=\"wp-block-separator has-alpha-channel-opacity\"\/>\n\n\n\n<p>Los premiados en el sorteo de la campa\u00f1a comercial \u2019T\u2019estimo comer\u00e7 Bisbalenc. Residu Zero\u2019 han ido recogiendo sus premios en el Ayuntamiento. Todav\u00eda quedan algunos por recoger, pero aqu\u00ed os dejamos algunas fotograf\u00edas de algunos de los afortunados. Gracias a todos y todas por participar en la campa\u00f1a comercial. Yo compro en el comercio bisbalense. \u00bfY tu?<\/p>\n\n\n\n<figure class=\"wp-block-image size-full\"><img loading=\"lazy\" width=\"768\" height=\"1024\" src=\"https:\/\/bisbalpenedes.com\/web\/wp-content\/uploads\/2022\/07\/PREMIS-COMERC\u0327-1.jpeg\" alt=\"\" class=\"wp-image-22572\" srcset=\"https:\/\/bisbalpenedes.com\/web\/wp-content\/uploads\/2022\/07\/PREMIS-COMERC\u0327-1.jpeg 768w, https:\/\/bisbalpenedes.com\/web\/wp-content\/uploads\/2022\/07\/PREMIS-COMERC\u0327-1-225x300.jpeg 225w, https:\/\/bisbalpenedes.com\/web\/wp-content\/uploads\/2022\/07\/PREMIS-COMERC\u0327-1-600x800.jpeg 600w\" sizes=\"(max-width: 768px) 100vw, 768px\" \/><\/figure>\n\n\n\n<figure class=\"wp-block-image size-full\"><img loading=\"lazy\" width=\"768\" height=\"1024\" src=\"https:\/\/bisbalpenedes.com\/web\/wp-content\/uploads\/2022\/07\/PREMIS-COMERC\u0327-2.jpeg\" alt=\"\" class=\"wp-image-22573\" srcset=\"https:\/\/bisbalpenedes.com\/web\/wp-content\/uploads\/2022\/07\/PREMIS-COMERC\u0327-2.jpeg 768w, https:\/\/bisbalpenedes.com\/web\/wp-content\/uploads\/2022\/07\/PREMIS-COMERC\u0327-2-225x300.jpeg 225w, https:\/\/bisbalpenedes.com\/web\/wp-content\/uploads\/2022\/07\/PREMIS-COMERC\u0327-2-600x800.jpeg 600w\" sizes=\"(max-width: 768px) 100vw, 768px\" \/><\/figure>\n\n\n\n<figure class=\"wp-block-image size-full\"><img loading=\"lazy\" width=\"768\" height=\"1024\" src=\"https:\/\/bisbalpenedes.com\/web\/wp-content\/uploads\/2022\/07\/PREMIS-COMERC\u0327-3.jpeg\" alt=\"\" class=\"wp-image-22574\" srcset=\"https:\/\/bisbalpenedes.com\/web\/wp-content\/uploads\/2022\/07\/PREMIS-COMERC\u0327-3.jpeg 768w, https:\/\/bisbalpenedes.com\/web\/wp-content\/uploads\/2022\/07\/PREMIS-COMERC\u0327-3-225x300.jpeg 225w, https:\/\/bisbalpenedes.com\/web\/wp-content\/uploads\/2022\/07\/PREMIS-COMERC\u0327-3-600x800.jpeg 600w\" sizes=\"(max-width: 768px) 100vw, 768px\" \/><\/figure>\n\n\n\n<figure class=\"wp-block-image size-large\"><img loading=\"lazy\" width=\"1024\" height=\"768\" src=\"https:\/\/bisbalpenedes.com\/web\/wp-content\/uploads\/2022\/07\/PREMIS-COMERC\u0327-4-1024x768.jpeg\" alt=\"\" class=\"wp-image-22575\" srcset=\"https:\/\/bisbalpenedes.com\/web\/wp-content\/uploads\/2022\/07\/PREMIS-COMERC\u0327-4-1024x768.jpeg 1024w, https:\/\/bisbalpenedes.com\/web\/wp-content\/uploads\/2022\/07\/PREMIS-COMERC\u0327-4-300x225.jpeg 300w, https:\/\/bisbalpenedes.com\/web\/wp-content\/uploads\/2022\/07\/PREMIS-COMERC\u0327-4-768x576.jpeg 768w, https:\/\/bisbalpenedes.com\/web\/wp-content\/uploads\/2022\/07\/PREMIS-COMERC\u0327-4-1536x1152.jpeg 1536w, https:\/\/bisbalpenedes.com\/web\/wp-content\/uploads\/2022\/07\/PREMIS-COMERC\u0327-4-600x450.jpeg 600w, https:\/\/bisbalpenedes.com\/web\/wp-content\/uploads\/2022\/07\/PREMIS-COMERC\u0327-4.jpeg 2048w\" sizes=\"(max-width: 1024px) 100vw, 1024px\" \/><\/figure>\n\n\n\n<figure class=\"wp-block-image size-large\"><img loading=\"lazy\" width=\"576\" height=\"1024\" src=\"https:\/\/bisbalpenedes.com\/web\/wp-content\/uploads\/2022\/07\/PREMIS-COMERC\u0327-5-576x1024.jpeg\" alt=\"\" class=\"wp-image-22576\" srcset=\"https:\/\/bisbalpenedes.com\/web\/wp-content\/uploads\/2022\/07\/PREMIS-COMERC\u0327-5-576x1024.jpeg 576w, https:\/\/bisbalpenedes.com\/web\/wp-content\/uploads\/2022\/07\/PREMIS-COMERC\u0327-5-169x300.jpeg 169w, https:\/\/bisbalpenedes.com\/web\/wp-content\/uploads\/2022\/07\/PREMIS-COMERC\u0327-5-768x1365.jpeg 768w, https:\/\/bisbalpenedes.com\/web\/wp-content\/uploads\/2022\/07\/PREMIS-COMERC\u0327-5-864x1536.jpeg 864w, https:\/\/bisbalpenedes.com\/web\/wp-content\/uploads\/2022\/07\/PREMIS-COMERC\u0327-5-600x1067.jpeg 600w, https:\/\/bisbalpenedes.com\/web\/wp-content\/uploads\/2022\/07\/PREMIS-COMERC\u0327-5.jpeg 1152w\" sizes=\"(max-width: 576px) 100vw, 576px\" \/><\/figure>\n","protected":false},"excerpt":{"rendered":"<p>Els premiats del sorteig de la campanya comercial \u2019T\u2019estimo comer\u00e7 Bisbalenc. Residu Zero\u2019 han anat recollint els seus premis a l\u2019Ajuntament. Encara en queden alguns per recollir, per\u00f2 aqu\u00ed us &hellip; <a href=\"https:\/\/bisbalpenedes.com\/web\/2022\/07\/11\/els-premiats-del-sorteig-de-la-campanya-comercial-testimo-comerc-bisbalenc-residu-zero-recullen-els-seus-premis\/\" class=\"more-link\">Read More<\/a><\/p>\n","protected":false},"author":4,"featured_media":22573,"comment_status":"closed","ping_status":"closed","sticky":false,"template":"","format":"standard","meta":[],"categories":[3860,8],"tags":[329,4204,393,178,3152],"_links":{"self":[{"href":"https:\/\/bisbalpenedes.com\/web\/wp-json\/wp\/v2\/posts\/22571"}],"collection":[{"href":"https:\/\/bisbalpenedes.com\/web\/wp-json\/wp\/v2\/posts"}],"about":[{"href":"https:\/\/bisbalpenedes.com\/web\/wp-json\/wp\/v2\/types\/post"}],"author":[{"embeddable":true,"href":"https:\/\/bisbalpenedes.com\/web\/wp-json\/wp\/v2\/users\/4"}],"replies":[{"embeddable":true,"href":"https:\/\/bisbalpenedes.com\/web\/wp-json\/wp\/v2\/comments?post=22571"}],"version-history":[{"count":1,"href":"https:\/\/bisbalpenedes.com\/web\/wp-json\/wp\/v2\/posts\/22571\/revisions"}],"predecessor-version":[{"id":22577,"href":"https:\/\/bisbalpenedes.com\/web\/wp-json\/wp\/v2\/posts\/22571\/revisions\/22577"}],"wp:featuredmedia":[{"embeddable":true,"href":"https:\/\/bisbalpenedes.com\/web\/wp-json\/wp\/v2\/media\/22573"}],"wp:attachment":[{"href":"https:\/\/bisbalpenedes.com\/web\/wp-json\/wp\/v2\/media?parent=22571"}],"wp:term":[{"taxonomy":"category","embeddable":true,"href":"https:\/\/bisbalpenedes.com\/web\/wp-json\/wp\/v2\/categories?post=22571"},{"taxonomy":"post_tag","embeddable":true,"href":"https:\/\/bisbalpenedes.com\/web\/wp-json\/wp\/v2\/tags?post=22571"}],"curies":[{"name":"wp","href":"https:\/\/api.w.org\/{rel}","templated":true}]}}