{"id":2256,"date":"2017-04-10T01:31:13","date_gmt":"2017-04-09T19:31:13","guid":{"rendered":"http:\/\/bisbalpenedes.com\/web\/?p=2256"},"modified":"2017-04-10T01:53:35","modified_gmt":"2017-04-09T19:53:35","slug":"la-bisbal-del-penedes-oferira-pel-licules-del-circuit-de-cinema-catala-al-cmc","status":"publish","type":"post","link":"https:\/\/bisbalpenedes.com\/web\/2017\/04\/10\/la-bisbal-del-penedes-oferira-pel-licules-del-circuit-de-cinema-catala-al-cmc\/","title":{"rendered":"La Bisbal del Pened\u00e8s oferir\u00e0 pel.l\u00edcules del circuit de cinema catal\u00e0 al CMC"},"content":{"rendered":"<p><a href=\"http:\/\/bisbalpenedes.com\/web\/wp-content\/uploads\/2017\/04\/imatge-guerra-civil-web-700x588-espany-een-dues-trinxeres.jpg\"><img loading=\"lazy\" class=\"aligncenter\" title=\"imatge-guerra-civil-web-700x588 espany een dues trinxeres\" src=\"http:\/\/bisbalpenedes.com\/web\/wp-content\/uploads\/2017\/04\/imatge-guerra-civil-web-700x588-espany-een-dues-trinxeres.jpg\" alt=\"\" width=\"420\" height=\"353\" \/><\/a><\/p>\n<p><strong>L\u2019Ajuntament ha signat un conveni per formar part del circuit impulsat per l\u2019Acad\u00e8mia del Cinema Catal\u00e0<\/strong><\/p>\n<p>El Cicle Gaud\u00ed, que va n\u00e9ixer el setembre de 2016, experimenta un creixement aquest 2017 amb l\u2019objectiu d\u2019arribar als 25.000 espectadors anuals. Entre aquests espectadors hi haur\u00e0 els bisbalencs i les bisbalenques que podran gaudir de bon cinema a la seva vila, l\u2019\u00fanic municipi del Baix Pened\u00e8s que oferir\u00e0 les pel\u00b7l\u00edcules d\u2019aquest cicle.<\/p>\n<p>A la Bisbal s\u2019hi podran veure les pel\u00b7l\u00edcules cada darrer diumenge de mes. La primera arribar\u00e0 el\u00a0<strong>30 d\u2019abril a les 19h<\/strong>\u00a0i ser\u00e0\u00a0<strong><a href=\"http:\/\/ciclegaudi.cat\/cartellera\/espanya-en-dues-trinxeres-la-guerra-civil-en-color\/\" target=\"_blank\">\u201cEspanya en dues trinxeres: la Guerra Civil en color\u201d,<\/a><\/strong>\u00a0un documental de Francesc Escribano i Luis Carrizo que explica l\u2019esdeveniment des de la dist\u00e0ncia hist\u00f2rica i com mai s\u2019havia fet fins ara: en color. Una experi\u00e8ncia audiovisual pionera al nostre pa\u00eds que ha perm\u00e8s la digitalitzaci\u00f3 i acolorit dels arxius per obtenir un material \u00fanic i aportar una nova visi\u00f3 a una de les \u00e8poques m\u00e9s obscures de la hist\u00f2ria contempor\u00e0nia d\u2019Espanya. Tr\u00e0iler:\u00a0<a href=\"https:\/\/www.youtube.com\/watch?v=r3cxkVRkf9E\" target=\"_blank\">https:\/\/www.youtube.com\/watch?v=r3cxkVRkf9E<\/a><\/p>\n<p><strong>El 28 de maig, tamb\u00e9 a les 19h<\/strong>, arribar\u00e0 l\u2019adaptaci\u00f3 a la pantalla de l\u2019aclamada novel\u00b7la de Patrick Ness, A Monster Calls, \u00e9s a dir\u00a0<strong><a href=\"http:\/\/ciclegaudi.cat\/cartellera\/a-monter-calls\/\" target=\"_blank\">\u201cUn monstruo viene a verme\u201d.<\/a><\/strong>\u00a0Juan Antonio Bayona va conquerir 8 premis Gaud\u00ed amb aquesta superproducci\u00f3 internacional que ha comptat amb Lewis MacDougall, Sigourney Weaver, Felicity Jones i Liam Neeson al repartiment i que es podr\u00e0 veure a La Bisbal del Pened\u00e8s. La pel\u00b7l\u00edcula\u00a0 narra la hist\u00f2ria del Conor O\u2019Malley (Lewis MacDougall), un noi de 13 anys que, a causa de l\u2019assetjament escolar que viu a l\u2019escola, a m\u00e9s de la greu malaltia que pateix la seva mare, ha desenvolupat un m\u00f3n de fantasia al voltant de fades, follets i altres criatures meravelloses que li permet escapar de la seva rutina i superar les seves pors. Tr\u00e0iler:\u00a0<a href=\"https:\/\/www.youtube.com\/watch?v=AxQ0KBBiryM\" target=\"_blank\">https:\/\/www.youtube.com\/watch?v=AxQ0KBBiryM<\/a><\/p>\n<p><strong>El 25 de juny a les 19h<\/strong>\u00a0s\u2019estrenar\u00e0\u00a0<strong><a href=\"http:\/\/ciclegaudi.cat\/cartellera\/incerta-gloria\/\" target=\"_blank\">\u201cIncerta Gl\u00f2ria\u201d<\/a>\u00a0<\/strong>a La Bisbal, un film d\u2019Agust\u00ed Villaronga basat en la novel\u00b7la de Joan Sales. El Llu\u00eds (Marcel Borr\u00e0s), un jove oficial republic\u00e0 destinat a un lloc temporalment inactiu del front d\u2019Arag\u00f3, coneix una enigm\u00e0tica v\u00eddua de la qual s\u2019enamora, la Carlana (N\u00faria Prims). El seu millor amic, el Soler\u00e0s (Oriol Pla), un oficial degradat, i la seva dona, la Trini (Bruna Cus\u00ed), descobriran la tra\u00efci\u00f3 del Llu\u00eds, Una pel\u00b7l\u00edcula on el rerefons d\u2019una guerra fa aflorar les passions humanes amb tota la seva intensitat. Tr\u00e0iler:\u00a0<a href=\"https:\/\/www.youtube.com\/watch?v=8ir402XbgJY\" target=\"_blank\">https:\/\/www.youtube.com\/watch?v=8ir402XbgJY<\/a><\/p>\n<p><a href=\"http:\/\/bisbalpenedes.com\/web\/wp-content\/uploads\/2017\/04\/Abril-maig-juny.jpg\"><img loading=\"lazy\" class=\"aligncenter\" title=\"Abril maig juny\" src=\"http:\/\/bisbalpenedes.com\/web\/wp-content\/uploads\/2017\/04\/Abril-maig-juny.jpg\" alt=\"\" width=\"648\" height=\"363\" \/><\/a><\/p>\n<div>L\u2019entrada al cinema tindr\u00e0 un preu de 4,5\u20ac per al p\u00fablic general i 3\u20ac per als usuaris de la Biblioteca Municipal de La Bisbal (presentant el carnet). Les sessions de cinema s\u2019aturaran als mesos de juliol i agost i continuaran als mesos de setembre, octubre i novembre.El Cicle Gaud\u00ed compta amb el suport del Departament de Cultura de la Generalitat de Catalunya i de les quatre diputacions. En l\u2019actualitat s\u00f3n 33 els municipis adherits al Cicle Gaud\u00ed, el circuit estable de cinema en catal\u00e0.Per a m\u00e9s informaci\u00f3 podeu entrar al web:\u00a0<a href=\"http:\/\/ciclegaudi.cat\/sales\/centre-municipal-de-cultura-de-la-bisbal-de-penedes\/\">http:\/\/ciclegaudi.cat\/sales\/centre-municipal-de-cultura-de-la-bisbal-de-penedes\/<\/a><\/div>\n","protected":false},"excerpt":{"rendered":"<p>L\u2019Ajuntament ha signat un conveni per formar part del circuit impulsat per l\u2019Acad\u00e8mia del Cinema Catal\u00e0 El Cicle Gaud\u00ed, que va n\u00e9ixer el setembre de 2016, experimenta un creixement aquest &hellip; <a href=\"https:\/\/bisbalpenedes.com\/web\/2017\/04\/10\/la-bisbal-del-penedes-oferira-pel-licules-del-circuit-de-cinema-catala-al-cmc\/\" class=\"more-link\">Read More<\/a><\/p>\n","protected":false},"author":4,"featured_media":2257,"comment_status":"closed","ping_status":"closed","sticky":false,"template":"","format":"standard","meta":[],"categories":[13,4],"tags":[308,307,226,309,311,310],"_links":{"self":[{"href":"https:\/\/bisbalpenedes.com\/web\/wp-json\/wp\/v2\/posts\/2256"}],"collection":[{"href":"https:\/\/bisbalpenedes.com\/web\/wp-json\/wp\/v2\/posts"}],"about":[{"href":"https:\/\/bisbalpenedes.com\/web\/wp-json\/wp\/v2\/types\/post"}],"author":[{"embeddable":true,"href":"https:\/\/bisbalpenedes.com\/web\/wp-json\/wp\/v2\/users\/4"}],"replies":[{"embeddable":true,"href":"https:\/\/bisbalpenedes.com\/web\/wp-json\/wp\/v2\/comments?post=2256"}],"version-history":[{"count":10,"href":"https:\/\/bisbalpenedes.com\/web\/wp-json\/wp\/v2\/posts\/2256\/revisions"}],"predecessor-version":[{"id":2262,"href":"https:\/\/bisbalpenedes.com\/web\/wp-json\/wp\/v2\/posts\/2256\/revisions\/2262"}],"wp:featuredmedia":[{"embeddable":true,"href":"https:\/\/bisbalpenedes.com\/web\/wp-json\/wp\/v2\/media\/2257"}],"wp:attachment":[{"href":"https:\/\/bisbalpenedes.com\/web\/wp-json\/wp\/v2\/media?parent=2256"}],"wp:term":[{"taxonomy":"category","embeddable":true,"href":"https:\/\/bisbalpenedes.com\/web\/wp-json\/wp\/v2\/categories?post=2256"},{"taxonomy":"post_tag","embeddable":true,"href":"https:\/\/bisbalpenedes.com\/web\/wp-json\/wp\/v2\/tags?post=2256"}],"curies":[{"name":"wp","href":"https:\/\/api.w.org\/{rel}","templated":true}]}}