{"id":22553,"date":"2022-07-08T20:33:00","date_gmt":"2022-07-08T18:33:00","guid":{"rendered":"https:\/\/bisbalpenedes.com\/web\/?p=22553"},"modified":"2023-08-03T10:17:18","modified_gmt":"2023-08-03T08:17:18","slug":"es-fixa-la-data-per-a-les-proves-doposicio-del-proces-selectiu-de-2-places-dauxiliar-administratiu-per-concurs-oposicio","status":"publish","type":"post","link":"https:\/\/bisbalpenedes.com\/web\/2022\/07\/08\/es-fixa-la-data-per-a-les-proves-doposicio-del-proces-selectiu-de-2-places-dauxiliar-administratiu-per-concurs-oposicio\/","title":{"rendered":"Es fixa la data per a les proves d&#8217;oposici\u00f3 del proc\u00e9s selectiu de 2 places d&#8217;auxiliar administratiu per concurs\/oposici\u00f3"},"content":{"rendered":"\n<p>El passat 30 de juny es va aprovar la relaci\u00f3 definitiva d&#8217;admesos i exclosos en el proc\u00e9s selectiu per a dues places d&#8217;auxiliar administratiu per concurs\/oposici\u00f3. La relaci\u00f3 definitiva est\u00e0 formada per 53 candidats admesos i 7 persones excloses per no presentar la documentaci\u00f3 necess\u00e0ria. Tamb\u00e9 es va aprovar convocar les proves de catal\u00e0 i castell\u00e0, que s\u00f3n eliminat\u00f2ries.<\/p>\n\n\n\n<p>Ara, les persones candidates admeses i les que s\u00f3n aptes a la prova de catal\u00e0, han estat convocades per a la realitzaci\u00f3 de les proves corresponents a la fase d&#8217;oposici\u00f3 el dia 19 de juliol de 2022, a les 9h, al Centre Municipal de Cultura. Els candidats hi hauran d&#8217;acudir prove\u00efts del DNI o b\u00e9 del passaport o del perm\u00eds de conduir.<\/p>\n\n\n\n<p><a rel=\"noreferrer noopener\" href=\"https:\/\/bisbalpenedes.com\/web\/wp-content\/uploads\/2022\/07\/20220708_Valoracio\u0301-proves-de-catala\u0300-places-daux.-administratiu-C2-de-naturalesa-funcionarial.pdf\" target=\"_blank\">narial.pdf<\/a><\/p>\n\n\n\n<hr class=\"wp-block-separator has-alpha-channel-opacity\"\/>\n\n\n\n<p><strong>CASTELLANO |<\/strong>&nbsp;El pasado 30 de junio se aprob\u00f3 la relaci\u00f3n definitiva de admitidos y excluidos en el proceso selectivo para dos plazas de auxiliar administrativo por concurso\/oposici\u00f3n. La relaci\u00f3n definitiva est\u00e1 formada por 53 candidatos admitidos y 7 personas excluidas por no presentar la documentaci\u00f3n necesaria. Tambi\u00e9n se aprob\u00f3 convocar las pruebas de catal\u00e1n y castellano, que son eliminatorias.<\/p>\n\n\n\n<p>Ahora, las personas candidatas admitidas y las que son aptas en la prueba de catal\u00e1n, han sido convocadas a la realizaci\u00f3n de las pruebas correspondientes a la fase de oposici\u00f3n el d\u00eda 19 de julio de 2022, a las 9h, en el Centre Municipal de Cultura. Los candidatos deber\u00e1n acudir prove\u00eddos del DNI o, en su defecto, del pasaporte o del permiso de conducir.<\/p>\n\n\n\n<p><\/p>\n","protected":false},"excerpt":{"rendered":"<p>El passat 30 de juny es va aprovar la relaci\u00f3 definitiva d&#8217;admesos i exclosos en el proc\u00e9s selectiu per a dues places d&#8217;auxiliar administratiu per concurs\/oposici\u00f3. La relaci\u00f3 definitiva est\u00e0 &hellip; <a href=\"https:\/\/bisbalpenedes.com\/web\/2022\/07\/08\/es-fixa-la-data-per-a-les-proves-doposicio-del-proces-selectiu-de-2-places-dauxiliar-administratiu-per-concurs-oposicio\/\" class=\"more-link\">Read More<\/a><\/p>\n","protected":false},"author":4,"featured_media":22554,"comment_status":"closed","ping_status":"closed","sticky":false,"template":"","format":"standard","meta":[],"categories":[2402,8],"tags":[4706,459,393],"_links":{"self":[{"href":"https:\/\/bisbalpenedes.com\/web\/wp-json\/wp\/v2\/posts\/22553"}],"collection":[{"href":"https:\/\/bisbalpenedes.com\/web\/wp-json\/wp\/v2\/posts"}],"about":[{"href":"https:\/\/bisbalpenedes.com\/web\/wp-json\/wp\/v2\/types\/post"}],"author":[{"embeddable":true,"href":"https:\/\/bisbalpenedes.com\/web\/wp-json\/wp\/v2\/users\/4"}],"replies":[{"embeddable":true,"href":"https:\/\/bisbalpenedes.com\/web\/wp-json\/wp\/v2\/comments?post=22553"}],"version-history":[{"count":4,"href":"https:\/\/bisbalpenedes.com\/web\/wp-json\/wp\/v2\/posts\/22553\/revisions"}],"predecessor-version":[{"id":27104,"href":"https:\/\/bisbalpenedes.com\/web\/wp-json\/wp\/v2\/posts\/22553\/revisions\/27104"}],"wp:featuredmedia":[{"embeddable":true,"href":"https:\/\/bisbalpenedes.com\/web\/wp-json\/wp\/v2\/media\/22554"}],"wp:attachment":[{"href":"https:\/\/bisbalpenedes.com\/web\/wp-json\/wp\/v2\/media?parent=22553"}],"wp:term":[{"taxonomy":"category","embeddable":true,"href":"https:\/\/bisbalpenedes.com\/web\/wp-json\/wp\/v2\/categories?post=22553"},{"taxonomy":"post_tag","embeddable":true,"href":"https:\/\/bisbalpenedes.com\/web\/wp-json\/wp\/v2\/tags?post=22553"}],"curies":[{"name":"wp","href":"https:\/\/api.w.org\/{rel}","templated":true}]}}