{"id":22550,"date":"2022-07-08T20:28:43","date_gmt":"2022-07-08T18:28:43","guid":{"rendered":"https:\/\/bisbalpenedes.com\/web\/?p=22550"},"modified":"2023-08-03T10:18:08","modified_gmt":"2023-08-03T08:18:08","slug":"el-tribunal-valora-els-merits-i-proposa-les-dues-persones-amb-mes-puntuacio-per-ocupar-les-2-places-dauxiliar-administratiu-per-merits","status":"publish","type":"post","link":"https:\/\/bisbalpenedes.com\/web\/2022\/07\/08\/el-tribunal-valora-els-merits-i-proposa-les-dues-persones-amb-mes-puntuacio-per-ocupar-les-2-places-dauxiliar-administratiu-per-merits\/","title":{"rendered":"El Tribunal valora els m\u00e8rits i proposa les dues persones amb m\u00e9s puntuaci\u00f3 per ocupar les 2 places d&#8217;auxiliar administratiu per m\u00e8rits"},"content":{"rendered":"\n<p>Aquest divendres 8 de juliol s&#8217;ha reunit el Tribunal per a la provisi\u00f3 de 2 places d&#8217;auxiliar administratiu per m\u00e8rits, despr\u00e9s que el passat 29 de juny s&#8217;aprov\u00e9s la relaci\u00f3 definitiva d&#8217;admesos i exclosos. Finalment, van ser 54 les persones admeses en el proc\u00e9s selectiu, de les que el Tribunal ha valorat els m\u00e8rits. Val a dir que la persona admesa en el proc\u00e9s selectiu que havia de realitzar la prova de castell\u00e0, la va fer el 5 de juliol i la va superar. I les nou persones que havien de fer la prova de catal\u00e0 van ser convocades el dimecres 6 de juliol per fer-la.<\/p>\n\n\n\n<p>El Tribunal est\u00e0 format per un funcionari de la Diputaci\u00f3 de Tarragona, un funcionari d&#8217;un Ajuntament de la comarca i un funcionari de l&#8217;Ajuntament de la Bisbal del Pened\u00e8s, i ha proposat les dues persones candidates amb m\u00e9s puntuaci\u00f3 per a les dues places d&#8217;auxiliar administratiu per m\u00e8rits, amb 98 i 81,88 punts respectivament. <\/p>\n\n\n\n<hr class=\"wp-block-separator has-alpha-channel-opacity\"\/>\n\n\n\n<p>Este viernes 8 de julio se ha reunido el Tribunal para la provisi\u00f3n de 2 plazas de auxiliar administrativo por m\u00e9ritos, despu\u00e9s de que el pasado 29 de junio se aprobase la relaci\u00f3n definitiva de admitidos y excluidos. Finalmente, fueron 54 las personas admitidas en el proceso selectivo, de las que el Tribunal ha valorado los m\u00e9ritos. Cabe decir que la persona admitida en el proceso selectivo que ten\u00eda que hacer la prueba de castellano, la hizo el 5 de julio y la super\u00f3. Y las nueve personas que ten\u00edan que realizar la prueba de catal\u00e1n fueron convocadas el mi\u00e9rcoles 6 de julio para hacerla.<\/p>\n\n\n\n<p>El Tribunal est\u00e1 formado por un funcionario de la Diputaci\u00f3n de Tarragona, un funcionario de un Ayuntamiento de la comarca y un funcionario del Ayuntamiento de la Bisbal del Pened\u00e8s, y ha propuesto a las dos personas candidatas con m\u00e1s puntuaci\u00f3n para las dos plazas de auxiliar administrativo por m\u00e9ritos, con 98 y 81,88 puntos respectivamente. <\/p>\n","protected":false},"excerpt":{"rendered":"<p>Aquest divendres 8 de juliol s&#8217;ha reunit el Tribunal per a la provisi\u00f3 de 2 places d&#8217;auxiliar administratiu per m\u00e8rits, despr\u00e9s que el passat 29 de juny s&#8217;aprov\u00e9s la relaci\u00f3 &hellip; <a href=\"https:\/\/bisbalpenedes.com\/web\/2022\/07\/08\/el-tribunal-valora-els-merits-i-proposa-les-dues-persones-amb-mes-puntuacio-per-ocupar-les-2-places-dauxiliar-administratiu-per-merits\/\" class=\"more-link\">Read More<\/a><\/p>\n","protected":false},"author":4,"featured_media":22551,"comment_status":"closed","ping_status":"closed","sticky":false,"template":"","format":"standard","meta":[],"categories":[8],"tags":[4706,393,5372,1834],"_links":{"self":[{"href":"https:\/\/bisbalpenedes.com\/web\/wp-json\/wp\/v2\/posts\/22550"}],"collection":[{"href":"https:\/\/bisbalpenedes.com\/web\/wp-json\/wp\/v2\/posts"}],"about":[{"href":"https:\/\/bisbalpenedes.com\/web\/wp-json\/wp\/v2\/types\/post"}],"author":[{"embeddable":true,"href":"https:\/\/bisbalpenedes.com\/web\/wp-json\/wp\/v2\/users\/4"}],"replies":[{"embeddable":true,"href":"https:\/\/bisbalpenedes.com\/web\/wp-json\/wp\/v2\/comments?post=22550"}],"version-history":[{"count":3,"href":"https:\/\/bisbalpenedes.com\/web\/wp-json\/wp\/v2\/posts\/22550\/revisions"}],"predecessor-version":[{"id":27105,"href":"https:\/\/bisbalpenedes.com\/web\/wp-json\/wp\/v2\/posts\/22550\/revisions\/27105"}],"wp:featuredmedia":[{"embeddable":true,"href":"https:\/\/bisbalpenedes.com\/web\/wp-json\/wp\/v2\/media\/22551"}],"wp:attachment":[{"href":"https:\/\/bisbalpenedes.com\/web\/wp-json\/wp\/v2\/media?parent=22550"}],"wp:term":[{"taxonomy":"category","embeddable":true,"href":"https:\/\/bisbalpenedes.com\/web\/wp-json\/wp\/v2\/categories?post=22550"},{"taxonomy":"post_tag","embeddable":true,"href":"https:\/\/bisbalpenedes.com\/web\/wp-json\/wp\/v2\/tags?post=22550"}],"curies":[{"name":"wp","href":"https:\/\/api.w.org\/{rel}","templated":true}]}}