{"id":22539,"date":"2022-07-08T10:20:36","date_gmt":"2022-07-08T08:20:36","guid":{"rendered":"https:\/\/bisbalpenedes.com\/web\/?p=22539"},"modified":"2022-07-08T11:01:39","modified_gmt":"2022-07-08T09:01:39","slug":"ahir-dijous-va-tenir-lloc-un-taller-de-defensa-personal-al-cmc-la-setmana-vinent-sen-fara-un-altre-i-esta-obert-a-la-participacio-de-tothom","status":"publish","type":"post","link":"https:\/\/bisbalpenedes.com\/web\/2022\/07\/08\/ahir-dijous-va-tenir-lloc-un-taller-de-defensa-personal-al-cmc-la-setmana-vinent-sen-fara-un-altre-i-esta-obert-a-la-participacio-de-tothom\/","title":{"rendered":"Ahir dijous va tenir lloc un taller de defensa personal al CMC &#8211; La setmana vinent se&#8217;n far\u00e0 un altre i tamb\u00e9 estar\u00e0 obert a la participaci\u00f3 de tothom"},"content":{"rendered":"\n<p>El CMC va acollir, ahir dijous, un taller de defensa personal per a totes les edats. Us deixem algunes fotografies de la sessi\u00f3. Dijous vinent, si us ve de gust, hi podeu participar. No cal inscripci\u00f3 pr\u00e8via i la sessi\u00f3 \u00e9s gratu\u00efta. Comen\u00e7a a les 19h al CMC i \u00e9s per a persones de totes les edats.<\/p>\n\n\n\n<hr class=\"wp-block-separator has-alpha-channel-opacity\"\/>\n\n\n\n<p>El CMC acogi\u00f3, ayer jueves, un taller de defensa personal para todas las edades. Os dejamos algunas fotograf\u00edas de la sesi\u00f3n. El jueves que viene, si os apetece, pod\u00e9is participar. No hay que inscribirse previamente y la sesi\u00f3n es gratuita. Empieza a las 19h en el CMC y es para personas de todas las edades.<\/p>\n\n\n\n<figure class=\"wp-block-image size-large\"><img loading=\"lazy\" width=\"1024\" height=\"1024\" src=\"https:\/\/bisbalpenedes.com\/web\/wp-content\/uploads\/2022\/07\/DEFENSA-PERSONAL-CMC-4-1024x1024.png\" alt=\"\" class=\"wp-image-22540\" srcset=\"https:\/\/bisbalpenedes.com\/web\/wp-content\/uploads\/2022\/07\/DEFENSA-PERSONAL-CMC-4-1024x1024.png 1024w, https:\/\/bisbalpenedes.com\/web\/wp-content\/uploads\/2022\/07\/DEFENSA-PERSONAL-CMC-4-300x300.png 300w, https:\/\/bisbalpenedes.com\/web\/wp-content\/uploads\/2022\/07\/DEFENSA-PERSONAL-CMC-4-150x150.png 150w, https:\/\/bisbalpenedes.com\/web\/wp-content\/uploads\/2022\/07\/DEFENSA-PERSONAL-CMC-4-768x768.png 768w, https:\/\/bisbalpenedes.com\/web\/wp-content\/uploads\/2022\/07\/DEFENSA-PERSONAL-CMC-4-600x600.png 600w, https:\/\/bisbalpenedes.com\/web\/wp-content\/uploads\/2022\/07\/DEFENSA-PERSONAL-CMC-4-100x100.png 100w, https:\/\/bisbalpenedes.com\/web\/wp-content\/uploads\/2022\/07\/DEFENSA-PERSONAL-CMC-4.png 1080w\" sizes=\"(max-width: 1024px) 100vw, 1024px\" \/><figcaption>d`es<\/figcaption><\/figure>\n\n\n\n<p><\/p>\n","protected":false},"excerpt":{"rendered":"<p>El CMC va acollir, ahir dijous, un taller de defensa personal per a totes les edats. Us deixem algunes fotografies de la sessi\u00f3. Dijous vinent, si us ve de gust, &hellip; <a href=\"https:\/\/bisbalpenedes.com\/web\/2022\/07\/08\/ahir-dijous-va-tenir-lloc-un-taller-de-defensa-personal-al-cmc-la-setmana-vinent-sen-fara-un-altre-i-esta-obert-a-la-participacio-de-tothom\/\" class=\"more-link\">Read More<\/a><\/p>\n","protected":false},"author":4,"featured_media":22541,"comment_status":"closed","ping_status":"closed","sticky":false,"template":"","format":"standard","meta":[],"categories":[3851,8],"tags":[459,5338,393,1374],"_links":{"self":[{"href":"https:\/\/bisbalpenedes.com\/web\/wp-json\/wp\/v2\/posts\/22539"}],"collection":[{"href":"https:\/\/bisbalpenedes.com\/web\/wp-json\/wp\/v2\/posts"}],"about":[{"href":"https:\/\/bisbalpenedes.com\/web\/wp-json\/wp\/v2\/types\/post"}],"author":[{"embeddable":true,"href":"https:\/\/bisbalpenedes.com\/web\/wp-json\/wp\/v2\/users\/4"}],"replies":[{"embeddable":true,"href":"https:\/\/bisbalpenedes.com\/web\/wp-json\/wp\/v2\/comments?post=22539"}],"version-history":[{"count":2,"href":"https:\/\/bisbalpenedes.com\/web\/wp-json\/wp\/v2\/posts\/22539\/revisions"}],"predecessor-version":[{"id":22549,"href":"https:\/\/bisbalpenedes.com\/web\/wp-json\/wp\/v2\/posts\/22539\/revisions\/22549"}],"wp:featuredmedia":[{"embeddable":true,"href":"https:\/\/bisbalpenedes.com\/web\/wp-json\/wp\/v2\/media\/22541"}],"wp:attachment":[{"href":"https:\/\/bisbalpenedes.com\/web\/wp-json\/wp\/v2\/media?parent=22539"}],"wp:term":[{"taxonomy":"category","embeddable":true,"href":"https:\/\/bisbalpenedes.com\/web\/wp-json\/wp\/v2\/categories?post=22539"},{"taxonomy":"post_tag","embeddable":true,"href":"https:\/\/bisbalpenedes.com\/web\/wp-json\/wp\/v2\/tags?post=22539"}],"curies":[{"name":"wp","href":"https:\/\/api.w.org\/{rel}","templated":true}]}}