{"id":22534,"date":"2022-07-08T10:17:51","date_gmt":"2022-07-08T08:17:51","guid":{"rendered":"https:\/\/bisbalpenedes.com\/web\/?p=22534"},"modified":"2022-07-08T10:17:51","modified_gmt":"2022-07-08T08:17:51","slug":"lalcaldessa-agnes-ferre-i-el-regidor-de-barris-i-festes-feliu-gil-shan-reunit-amb-les-associacions-de-veins-aquest-dijous","status":"publish","type":"post","link":"https:\/\/bisbalpenedes.com\/web\/2022\/07\/08\/lalcaldessa-agnes-ferre-i-el-regidor-de-barris-i-festes-feliu-gil-shan-reunit-amb-les-associacions-de-veins-aquest-dijous\/","title":{"rendered":"L&#8217;alcaldessa Agn\u00e8s Ferr\u00e9 i el regidor de Barris i Festes, Feliu Gil, s&#8217;han reunit amb les associacions de ve\u00efns aquest dijous"},"content":{"rendered":"\n<p>Aquest dijous, a les 20h, l\u2019alcaldessa de la Bisbal del Pened\u00e8s, Agn\u00e8s Ferr\u00e9; i el regidor de Barris i Festes, Feliu Gil; s\u2019han reunit amb les associacions de ve\u00efns del municipi per parlar dels pressupostos participatius. En aquesta reuni\u00f3, l\u2019alcaldessa ha explicat els resultats de l\u2019any passat i els imports destinats i ha detallat les propostes que han presentat, enguany, els ve\u00efns i si aquestes s\u00f3n viables o no. La batllessa bisbalenca ha aprofitat per felicitar els representants de les entitats per l\u2019organitzaci\u00f3 de les festes d\u2019estiu, que comencen aquest cap de setmana a La Miralba, i anima a tothom a participar-hi.<\/p>\n\n\n\n<hr class=\"wp-block-separator has-alpha-channel-opacity\"\/>\n\n\n\n<p>Este jueves, a las 20h, la alcaldesa de la Bisbal del Pened\u00e8s, Agn\u00e8s Ferr\u00e9; y el concejal de Barrios y Fiestas, Feliu Gil; se han reunido con las asociaciones de vecinos del municipio para hablar de los presupuestos participativos. En esta reuni\u00f3n, la alcaldesa ha explicado los resultados del a\u00f1o pasado y los importes destinados y ha detallado las propuestas que han presentado, este a\u00f1o, los vecinos y si estas son viables o no. La alcaldesa de la Bisbal ha aprovechado para felicitar a los representantes de las entidades por la organizaci\u00f3n de las fiestas de verano, que empiezan este fin de semana en La Miralba, y anima a todo el mundo a participar en ellas.<\/p>\n\n\n\n<figure class=\"wp-block-image size-large\"><img loading=\"lazy\" width=\"1024\" height=\"530\" src=\"https:\/\/bisbalpenedes.com\/web\/wp-content\/uploads\/2022\/07\/REUNIO-ASS-VEINS-7-JULIOL-2-1024x530.jpeg\" alt=\"\" class=\"wp-image-22535\" srcset=\"https:\/\/bisbalpenedes.com\/web\/wp-content\/uploads\/2022\/07\/REUNIO-ASS-VEINS-7-JULIOL-2-1024x530.jpeg 1024w, https:\/\/bisbalpenedes.com\/web\/wp-content\/uploads\/2022\/07\/REUNIO-ASS-VEINS-7-JULIOL-2-300x155.jpeg 300w, https:\/\/bisbalpenedes.com\/web\/wp-content\/uploads\/2022\/07\/REUNIO-ASS-VEINS-7-JULIOL-2-768x397.jpeg 768w, https:\/\/bisbalpenedes.com\/web\/wp-content\/uploads\/2022\/07\/REUNIO-ASS-VEINS-7-JULIOL-2-600x310.jpeg 600w, https:\/\/bisbalpenedes.com\/web\/wp-content\/uploads\/2022\/07\/REUNIO-ASS-VEINS-7-JULIOL-2.jpeg 1187w\" sizes=\"(max-width: 1024px) 100vw, 1024px\" \/><\/figure>\n","protected":false},"excerpt":{"rendered":"<p>Aquest dijous, a les 20h, l\u2019alcaldessa de la Bisbal del Pened\u00e8s, Agn\u00e8s Ferr\u00e9; i el regidor de Barris i Festes, Feliu Gil; s\u2019han reunit amb les associacions de ve\u00efns del &hellip; <a href=\"https:\/\/bisbalpenedes.com\/web\/2022\/07\/08\/lalcaldessa-agnes-ferre-i-el-regidor-de-barris-i-festes-feliu-gil-shan-reunit-amb-les-associacions-de-veins-aquest-dijous\/\" class=\"more-link\">Read More<\/a><\/p>\n","protected":false},"author":4,"featured_media":22536,"comment_status":"closed","ping_status":"closed","sticky":false,"template":"","format":"standard","meta":[],"categories":[4287,4668,8],"tags":[459,50,393,1374,1048,980],"_links":{"self":[{"href":"https:\/\/bisbalpenedes.com\/web\/wp-json\/wp\/v2\/posts\/22534"}],"collection":[{"href":"https:\/\/bisbalpenedes.com\/web\/wp-json\/wp\/v2\/posts"}],"about":[{"href":"https:\/\/bisbalpenedes.com\/web\/wp-json\/wp\/v2\/types\/post"}],"author":[{"embeddable":true,"href":"https:\/\/bisbalpenedes.com\/web\/wp-json\/wp\/v2\/users\/4"}],"replies":[{"embeddable":true,"href":"https:\/\/bisbalpenedes.com\/web\/wp-json\/wp\/v2\/comments?post=22534"}],"version-history":[{"count":1,"href":"https:\/\/bisbalpenedes.com\/web\/wp-json\/wp\/v2\/posts\/22534\/revisions"}],"predecessor-version":[{"id":22537,"href":"https:\/\/bisbalpenedes.com\/web\/wp-json\/wp\/v2\/posts\/22534\/revisions\/22537"}],"wp:featuredmedia":[{"embeddable":true,"href":"https:\/\/bisbalpenedes.com\/web\/wp-json\/wp\/v2\/media\/22536"}],"wp:attachment":[{"href":"https:\/\/bisbalpenedes.com\/web\/wp-json\/wp\/v2\/media?parent=22534"}],"wp:term":[{"taxonomy":"category","embeddable":true,"href":"https:\/\/bisbalpenedes.com\/web\/wp-json\/wp\/v2\/categories?post=22534"},{"taxonomy":"post_tag","embeddable":true,"href":"https:\/\/bisbalpenedes.com\/web\/wp-json\/wp\/v2\/tags?post=22534"}],"curies":[{"name":"wp","href":"https:\/\/api.w.org\/{rel}","templated":true}]}}